{"id":7093,"date":"2011-01-10T04:10:34","date_gmt":"2011-01-10T03:10:34","guid":{"rendered":"http:\/\/www.kunstgalerie-barbara.de\/blog\/?p=7093"},"modified":"2011-01-10T15:43:25","modified_gmt":"2011-01-10T14:43:25","slug":"nicht-torte-sondern-ziegenkaese","status":"publish","type":"post","link":"http:\/\/www.kunstgalerie-barbara.de\/blog\/2011\/01\/nicht-torte-sondern-ziegenkaese\/","title":{"rendered":"Nicht Torte, sondern \u00e4u\u00dferst leckerer Ziegenk\u00e4se&#8230;"},"content":{"rendered":"<p style=\"text-align: center;\"><a href=\"http:\/\/www.kunstgalerie-barbara.de\/blog\/wp-content\/uploads\/2011\/01\/P10100241.jpg\"><img loading=\"lazy\" decoding=\"async\" class=\"aligncenter size-full wp-image-7092\" title=\"P1010024\" src=\"http:\/\/www.kunstgalerie-barbara.de\/blog\/wp-content\/uploads\/2011\/01\/P10100241.jpg\" alt=\"\" width=\"403\" height=\"302\" \/><\/a>&#8230; in Aceto balsamico!<br \/>\nBastw\u00f6ste Bremen Findorffmarkt<br \/>\nby maxi winter<\/p>\n<p><a href=\"http:\/\/www.bastwoeste.de\/\">http:\/\/www.bastwoeste.de\/<\/a><\/p>\n","protected":false},"excerpt":{"rendered":"<p>&#8230; in Aceto balsamico! Bastw\u00f6ste Bremen Findorffmarkt by maxi winter http:\/\/www.bastwoeste.de\/<\/p>\n","protected":false},"author":1,"featured_media":0,"comment_status":"open","ping_status":"open","sticky":false,"template":"","format":"standard","meta":{"footnotes":""},"categories":[22,27],"tags":[],"jetpack_featured_media_url":"","_links":{"self":[{"href":"http:\/\/www.kunstgalerie-barbara.de\/blog\/wp-json\/wp\/v2\/posts\/7093"}],"collection":[{"href":"http:\/\/www.kunstgalerie-barbara.de\/blog\/wp-json\/wp\/v2\/posts"}],"about":[{"href":"http:\/\/www.kunstgalerie-barbara.de\/blog\/wp-json\/wp\/v2\/types\/post"}],"author":[{"embeddable":true,"href":"http:\/\/www.kunstgalerie-barbara.de\/blog\/wp-json\/wp\/v2\/users\/1"}],"replies":[{"embeddable":true,"href":"http:\/\/www.kunstgalerie-barbara.de\/blog\/wp-json\/wp\/v2\/comments?post=7093"}],"version-history":[{"count":1,"href":"http:\/\/www.kunstgalerie-barbara.de\/blog\/wp-json\/wp\/v2\/posts\/7093\/revisions"}],"predecessor-version":[{"id":7104,"href":"http:\/\/www.kunstgalerie-barbara.de\/blog\/wp-json\/wp\/v2\/posts\/7093\/revisions\/7104"}],"wp:attachment":[{"href":"http:\/\/www.kunstgalerie-barbara.de\/blog\/wp-json\/wp\/v2\/media?parent=7093"}],"wp:term":[{"taxonomy":"category","embeddable":true,"href":"http:\/\/www.kunstgalerie-barbara.de\/blog\/wp-json\/wp\/v2\/categories?post=7093"},{"taxonomy":"post_tag","embeddable":true,"href":"http:\/\/www.kunstgalerie-barbara.de\/blog\/wp-json\/wp\/v2\/tags?post=7093"}],"curies":[{"name":"wp","href":"https:\/\/api.w.org\/{rel}","templated":true}]}}