{"id":7165,"date":"2011-01-18T08:49:06","date_gmt":"2011-01-18T07:49:06","guid":{"rendered":"http:\/\/www.kunstgalerie-barbara.de\/blog\/?p=7165"},"modified":"2011-01-18T08:51:28","modified_gmt":"2011-01-18T07:51:28","slug":"der-wachstumsbeschleuniger-ethephon","status":"publish","type":"post","link":"http:\/\/www.kunstgalerie-barbara.de\/blog\/2011\/01\/der-wachstumsbeschleuniger-ethephon\/","title":{"rendered":"Der Wachstumsbeschleuniger Ethephon&#8230;"},"content":{"rendered":"<p style=\"text-align: center;\"><a href=\"http:\/\/www.kunstgalerie-barbara.de\/blog\/wp-content\/uploads\/2011\/01\/P1010059.jpg\"><img loading=\"lazy\" decoding=\"async\" class=\"aligncenter size-full wp-image-7168\" title=\"P1010059\" src=\"http:\/\/www.kunstgalerie-barbara.de\/blog\/wp-content\/uploads\/2011\/01\/P1010059.jpg\" alt=\"\" width=\"380\" height=\"286\" srcset=\"http:\/\/www.kunstgalerie-barbara.de\/blog\/wp-content\/uploads\/2011\/01\/P1010059.jpg 528w, http:\/\/www.kunstgalerie-barbara.de\/blog\/wp-content\/uploads\/2011\/01\/P1010059-300x225.jpg 300w\" sizes=\"(max-width: 380px) 100vw, 380px\" \/><\/a>&#8230;der momentan f\u00fcr den Paprikaskandal sorgt, ist ein in der Gem\u00fcse und Obstproduktion fl\u00e4chendeckend eingesetztes Produkt! Auch bei uns in Deutschland. Und nicht erst jetzt, sondern schon Jahre wenn nicht jahrzehntelang. Also haben wir alle schon heftig und \u00fcbergenug davon genossen, ohne es zu wissen.<!--more--> Jetzt pl\u00f6tzlich r\u00fcckt es in den Mittelpunkt der Aufmerksamkeit! Die Frage ist nur, bleibt es bei einem momentanen Wetterleuchten, wird es zum Langzeitgewitter oder verebbt es binnen kurzem und wird durch einen neuen Lebensmittelskandal ersetzt?<br \/>\nEins ist nunmal v\u00f6llig sicher, Wachstumsbeschleuniger werden auch weiterhin verwendet werden, denn wir wollen ja immer und in jedem Fall reifes Obst und Gem\u00fcse zu uns nehmen oder nicht?&#8230;<br \/>\nEs liegt \u00fcbrigens\u00a0 an unserem\u00a0 Verhalten, unserer Einstellung zu dem was wir an Nahrungsmitteln zu uns nehmen wollen, ob Obst oder Gem\u00fcseproduzenten uns mit Chemie vollstopfen.<\/p>\n","protected":false},"excerpt":{"rendered":"<p>&#8230;der momentan f\u00fcr den Paprikaskandal sorgt, ist ein in der Gem\u00fcse und Obstproduktion fl\u00e4chendeckend eingesetztes Produkt! Auch bei uns in Deutschland. Und nicht erst jetzt, sondern schon Jahre wenn nicht jahrzehntelang. Also haben wir alle schon heftig und \u00fcbergenug davon genossen, ohne es zu wissen.<\/p>\n","protected":false},"author":1,"featured_media":0,"comment_status":"open","ping_status":"open","sticky":false,"template":"","format":"standard","meta":{"footnotes":""},"categories":[42],"tags":[],"jetpack_featured_media_url":"","_links":{"self":[{"href":"http:\/\/www.kunstgalerie-barbara.de\/blog\/wp-json\/wp\/v2\/posts\/7165"}],"collection":[{"href":"http:\/\/www.kunstgalerie-barbara.de\/blog\/wp-json\/wp\/v2\/posts"}],"about":[{"href":"http:\/\/www.kunstgalerie-barbara.de\/blog\/wp-json\/wp\/v2\/types\/post"}],"author":[{"embeddable":true,"href":"http:\/\/www.kunstgalerie-barbara.de\/blog\/wp-json\/wp\/v2\/users\/1"}],"replies":[{"embeddable":true,"href":"http:\/\/www.kunstgalerie-barbara.de\/blog\/wp-json\/wp\/v2\/comments?post=7165"}],"version-history":[{"count":1,"href":"http:\/\/www.kunstgalerie-barbara.de\/blog\/wp-json\/wp\/v2\/posts\/7165\/revisions"}],"predecessor-version":[{"id":7169,"href":"http:\/\/www.kunstgalerie-barbara.de\/blog\/wp-json\/wp\/v2\/posts\/7165\/revisions\/7169"}],"wp:attachment":[{"href":"http:\/\/www.kunstgalerie-barbara.de\/blog\/wp-json\/wp\/v2\/media?parent=7165"}],"wp:term":[{"taxonomy":"category","embeddable":true,"href":"http:\/\/www.kunstgalerie-barbara.de\/blog\/wp-json\/wp\/v2\/categories?post=7165"},{"taxonomy":"post_tag","embeddable":true,"href":"http:\/\/www.kunstgalerie-barbara.de\/blog\/wp-json\/wp\/v2\/tags?post=7165"}],"curies":[{"name":"wp","href":"https:\/\/api.w.org\/{rel}","templated":true}]}}