{"id":7377,"date":"2011-02-13T05:19:27","date_gmt":"2011-02-13T04:19:27","guid":{"rendered":"http:\/\/www.kunstgalerie-barbara.de\/blog\/?p=7377"},"modified":"2026-04-09T09:50:30","modified_gmt":"2026-04-09T07:50:30","slug":"wer-sich-etwas-schoenes-goennen-moechte","status":"publish","type":"post","link":"http:\/\/www.kunstgalerie-barbara.de\/blog\/2011\/02\/wer-sich-etwas-schoenes-goennen-moechte\/","title":{"rendered":"Wer sich etwas Sch\u00f6nes g\u00f6nnen m\u00f6chte&#8230;"},"content":{"rendered":"<p style=\"text-align: center;\"><a href=\"http:\/\/www.kunstgalerie-barbara.de\/blog\/wp-content\/uploads\/2011\/02\/DSC_0007.jpg\"><img loading=\"lazy\" decoding=\"async\" class=\"aligncenter wp-image-7376\" title=\"DSC_0007\" src=\"http:\/\/www.kunstgalerie-barbara.de\/blog\/wp-content\/uploads\/2011\/02\/DSC_0007.jpg\" alt=\"\" width=\"473\" height=\"712\" \/><\/a>&#8230;sollte nicht bis zum Valentinstag warten, der eh nur einer gigantischen<br \/>\nGesch\u00e4ftemacherei dient und genauso wie beispielsweise der Muttertag\u00a0 eben nur mit Gef\u00fchlsduseleien, jedoch nichts mit wirklichen Gef\u00fchlen zu tun hat!<\/p>\n","protected":false},"excerpt":{"rendered":"<p>&#8230;sollte nicht bis zum Valentinstag warten, der eh nur einer gigantischen Gesch\u00e4ftemacherei dient und genauso wie beispielsweise der Muttertag\u00a0 eben nur mit Gef\u00fchlsduseleien, jedoch nichts mit wirklichen Gef\u00fchlen zu tun hat!<\/p>\n","protected":false},"author":1,"featured_media":0,"comment_status":"open","ping_status":"open","sticky":false,"template":"","format":"standard","meta":{"footnotes":""},"categories":[42],"tags":[],"jetpack_featured_media_url":"","_links":{"self":[{"href":"http:\/\/www.kunstgalerie-barbara.de\/blog\/wp-json\/wp\/v2\/posts\/7377"}],"collection":[{"href":"http:\/\/www.kunstgalerie-barbara.de\/blog\/wp-json\/wp\/v2\/posts"}],"about":[{"href":"http:\/\/www.kunstgalerie-barbara.de\/blog\/wp-json\/wp\/v2\/types\/post"}],"author":[{"embeddable":true,"href":"http:\/\/www.kunstgalerie-barbara.de\/blog\/wp-json\/wp\/v2\/users\/1"}],"replies":[{"embeddable":true,"href":"http:\/\/www.kunstgalerie-barbara.de\/blog\/wp-json\/wp\/v2\/comments?post=7377"}],"version-history":[{"count":3,"href":"http:\/\/www.kunstgalerie-barbara.de\/blog\/wp-json\/wp\/v2\/posts\/7377\/revisions"}],"predecessor-version":[{"id":24161,"href":"http:\/\/www.kunstgalerie-barbara.de\/blog\/wp-json\/wp\/v2\/posts\/7377\/revisions\/24161"}],"wp:attachment":[{"href":"http:\/\/www.kunstgalerie-barbara.de\/blog\/wp-json\/wp\/v2\/media?parent=7377"}],"wp:term":[{"taxonomy":"category","embeddable":true,"href":"http:\/\/www.kunstgalerie-barbara.de\/blog\/wp-json\/wp\/v2\/categories?post=7377"},{"taxonomy":"post_tag","embeddable":true,"href":"http:\/\/www.kunstgalerie-barbara.de\/blog\/wp-json\/wp\/v2\/tags?post=7377"}],"curies":[{"name":"wp","href":"https:\/\/api.w.org\/{rel}","templated":true}]}}