{"id":7396,"date":"2011-02-15T05:13:30","date_gmt":"2011-02-15T04:13:30","guid":{"rendered":"http:\/\/www.kunstgalerie-barbara.de\/blog\/?p=7396"},"modified":"2011-02-15T05:13:30","modified_gmt":"2011-02-15T04:13:30","slug":"eine-maennliche-kuechenhilfe-in-schuerze","status":"publish","type":"post","link":"http:\/\/www.kunstgalerie-barbara.de\/blog\/2011\/02\/eine-maennliche-kuechenhilfe-in-schuerze\/","title":{"rendered":"Eine m\u00e4nnliche K\u00fcchenhilfe in Sch\u00fcrze&#8230;"},"content":{"rendered":"<p style=\"text-align: center;\"><a href=\"http:\/\/www.kunstgalerie-barbara.de\/blog\/wp-content\/uploads\/2011\/02\/DSC_0190.jpg\"><img loading=\"lazy\" decoding=\"async\" class=\"aligncenter size-full wp-image-7395\" title=\"DSC_0190\" src=\"http:\/\/www.kunstgalerie-barbara.de\/blog\/wp-content\/uploads\/2011\/02\/DSC_0190.jpg\" alt=\"\" width=\"346\" height=\"520\" \/><\/a>&#8230;mit sauber gebundener Schleife, mein Sohn, der sich in einem seltenen Anfall von Hilfsbereitschaft anschickte mir beim Waffelbacken zur Hand zu gehen.<\/p>\n","protected":false},"excerpt":{"rendered":"<p>&#8230;mit sauber gebundener Schleife, mein Sohn, der sich in einem seltenen Anfall von Hilfsbereitschaft anschickte mir beim Waffelbacken zur Hand zu gehen.<\/p>\n","protected":false},"author":1,"featured_media":0,"comment_status":"open","ping_status":"open","sticky":false,"template":"","format":"standard","meta":{"footnotes":""},"categories":[3,22],"tags":[],"jetpack_featured_media_url":"","_links":{"self":[{"href":"http:\/\/www.kunstgalerie-barbara.de\/blog\/wp-json\/wp\/v2\/posts\/7396"}],"collection":[{"href":"http:\/\/www.kunstgalerie-barbara.de\/blog\/wp-json\/wp\/v2\/posts"}],"about":[{"href":"http:\/\/www.kunstgalerie-barbara.de\/blog\/wp-json\/wp\/v2\/types\/post"}],"author":[{"embeddable":true,"href":"http:\/\/www.kunstgalerie-barbara.de\/blog\/wp-json\/wp\/v2\/users\/1"}],"replies":[{"embeddable":true,"href":"http:\/\/www.kunstgalerie-barbara.de\/blog\/wp-json\/wp\/v2\/comments?post=7396"}],"version-history":[{"count":1,"href":"http:\/\/www.kunstgalerie-barbara.de\/blog\/wp-json\/wp\/v2\/posts\/7396\/revisions"}],"predecessor-version":[{"id":7399,"href":"http:\/\/www.kunstgalerie-barbara.de\/blog\/wp-json\/wp\/v2\/posts\/7396\/revisions\/7399"}],"wp:attachment":[{"href":"http:\/\/www.kunstgalerie-barbara.de\/blog\/wp-json\/wp\/v2\/media?parent=7396"}],"wp:term":[{"taxonomy":"category","embeddable":true,"href":"http:\/\/www.kunstgalerie-barbara.de\/blog\/wp-json\/wp\/v2\/categories?post=7396"},{"taxonomy":"post_tag","embeddable":true,"href":"http:\/\/www.kunstgalerie-barbara.de\/blog\/wp-json\/wp\/v2\/tags?post=7396"}],"curies":[{"name":"wp","href":"https:\/\/api.w.org\/{rel}","templated":true}]}}