{"id":7401,"date":"2011-02-15T05:21:16","date_gmt":"2011-02-15T04:21:16","guid":{"rendered":"http:\/\/www.kunstgalerie-barbara.de\/blog\/?p=7401"},"modified":"2012-03-09T05:55:11","modified_gmt":"2012-03-09T04:55:11","slug":"herausgekommen-ist-dies-zimtwaffeln","status":"publish","type":"post","link":"http:\/\/www.kunstgalerie-barbara.de\/blog\/2011\/02\/herausgekommen-ist-dies-zimtwaffeln\/","title":{"rendered":"Herausgekommen ist dies, Zimtwaffeln mit sauren Kirschen&#8230;"},"content":{"rendered":"<p style=\"text-align: center;\"><a href=\"http:\/\/www.kunstgalerie-barbara.de\/blog\/wp-content\/uploads\/2011\/02\/DSC_0184.jpg\"><img loading=\"lazy\" decoding=\"async\" class=\"aligncenter size-full wp-image-7400\" title=\"DSC_0184\" src=\"http:\/\/www.kunstgalerie-barbara.de\/blog\/wp-content\/uploads\/2011\/02\/DSC_0184.jpg\" alt=\"\" width=\"373\" height=\"562\" \/><\/a><\/p>\n<p style=\"text-align: center;\">&#8230; und Honigsahne! Von diesen Waffeln hat der flei\u00dfige Helfer sp\u00e4ter die meisten verschlungen, wie gew\u00f6hnlich!<\/p>\n<p style=\"text-align: center;\">\n<p style=\"text-align: center;\"><!--more--><em>In der K\u00fcchenmaschine drei oder vier Eier mit vier E\u00dfl\u00f6ffeln Vollrohrzucker und einem guten Schu\u00df Raps\u00f6l verr\u00fchren lassen.\u00a0 Je nach Geschmack Bourbonvanillie, Zimt, abgeriebene Zitronenschale hinzuf\u00fcgen.<br \/>\n250 g\u00a0 Vollkorn Weizenmehl und Backpulver (halbes T\u00fctchen) dazu geben und alles verrr\u00fchren. Mit etwas Milch<br \/>\nwenn n\u00f6tig Teig fl\u00fcssiger machen.\u00a0 Ab ins Waffeleisen und Waffeln backen.<br \/>\nVorab allerdings Sahne mit Bourbonvanillie und einem E\u00dfl\u00f6ffel Honig schlagen.<br \/>\nWaffeln mit Sahne und Kirschkompott anrichten,<br \/>\neinfach k\u00f6stlich!<br \/>\nEinfach\u00a0 mal ausprobieren!<\/em><\/p>\n","protected":false},"excerpt":{"rendered":"<p>&#8230; und Honigsahne! Von diesen Waffeln hat der flei\u00dfige Helfer sp\u00e4ter die meisten verschlungen, wie gew\u00f6hnlich!<\/p>\n","protected":false},"author":1,"featured_media":0,"comment_status":"open","ping_status":"open","sticky":false,"template":"","format":"standard","meta":{"footnotes":""},"categories":[29,27],"tags":[],"jetpack_featured_media_url":"","_links":{"self":[{"href":"http:\/\/www.kunstgalerie-barbara.de\/blog\/wp-json\/wp\/v2\/posts\/7401"}],"collection":[{"href":"http:\/\/www.kunstgalerie-barbara.de\/blog\/wp-json\/wp\/v2\/posts"}],"about":[{"href":"http:\/\/www.kunstgalerie-barbara.de\/blog\/wp-json\/wp\/v2\/types\/post"}],"author":[{"embeddable":true,"href":"http:\/\/www.kunstgalerie-barbara.de\/blog\/wp-json\/wp\/v2\/users\/1"}],"replies":[{"embeddable":true,"href":"http:\/\/www.kunstgalerie-barbara.de\/blog\/wp-json\/wp\/v2\/comments?post=7401"}],"version-history":[{"count":1,"href":"http:\/\/www.kunstgalerie-barbara.de\/blog\/wp-json\/wp\/v2\/posts\/7401\/revisions"}],"predecessor-version":[{"id":7412,"href":"http:\/\/www.kunstgalerie-barbara.de\/blog\/wp-json\/wp\/v2\/posts\/7401\/revisions\/7412"}],"wp:attachment":[{"href":"http:\/\/www.kunstgalerie-barbara.de\/blog\/wp-json\/wp\/v2\/media?parent=7401"}],"wp:term":[{"taxonomy":"category","embeddable":true,"href":"http:\/\/www.kunstgalerie-barbara.de\/blog\/wp-json\/wp\/v2\/categories?post=7401"},{"taxonomy":"post_tag","embeddable":true,"href":"http:\/\/www.kunstgalerie-barbara.de\/blog\/wp-json\/wp\/v2\/tags?post=7401"}],"curies":[{"name":"wp","href":"https:\/\/api.w.org\/{rel}","templated":true}]}}