{"id":7418,"date":"2011-02-17T07:28:35","date_gmt":"2011-02-17T06:28:35","guid":{"rendered":"http:\/\/www.kunstgalerie-barbara.de\/blog\/?p=7418"},"modified":"2011-02-17T07:36:54","modified_gmt":"2011-02-17T06:36:54","slug":"groesser-gehts-bald-nicht-mehr","status":"publish","type":"post","link":"http:\/\/www.kunstgalerie-barbara.de\/blog\/2011\/02\/groesser-gehts-bald-nicht-mehr\/","title":{"rendered":"Gr\u00f6\u00dfer geht&#8217;s bald nicht mehr&#8230;"},"content":{"rendered":"<p style=\"text-align: center;\"><a href=\"http:\/\/www.kunstgalerie-barbara.de\/blog\/wp-content\/uploads\/2011\/02\/DSC_0194.jpg\"><img loading=\"lazy\" decoding=\"async\" class=\"aligncenter size-full wp-image-7417\" title=\"DSC_0194\" src=\"http:\/\/www.kunstgalerie-barbara.de\/blog\/wp-content\/uploads\/2011\/02\/DSC_0194.jpg\" alt=\"\" width=\"472\" height=\"381\" srcset=\"http:\/\/www.kunstgalerie-barbara.de\/blog\/wp-content\/uploads\/2011\/02\/DSC_0194.jpg 896w, http:\/\/www.kunstgalerie-barbara.de\/blog\/wp-content\/uploads\/2011\/02\/DSC_0194-300x241.jpg 300w\" sizes=\"(max-width: 472px) 100vw, 472px\" \/><\/a>&#8230;kleiner Balkon und riesige Satelitensch\u00fcssel! Das mu\u00df man m\u00f6gen!<br \/>\nby barbara wenzel-winter<\/p>\n","protected":false},"excerpt":{"rendered":"<p>&#8230;kleiner Balkon und riesige Satelitensch\u00fcssel! Das mu\u00df man m\u00f6gen! by barbara wenzel-winter<\/p>\n","protected":false},"author":1,"featured_media":0,"comment_status":"open","ping_status":"open","sticky":false,"template":"","format":"standard","meta":{"footnotes":""},"categories":[22],"tags":[],"jetpack_featured_media_url":"","_links":{"self":[{"href":"http:\/\/www.kunstgalerie-barbara.de\/blog\/wp-json\/wp\/v2\/posts\/7418"}],"collection":[{"href":"http:\/\/www.kunstgalerie-barbara.de\/blog\/wp-json\/wp\/v2\/posts"}],"about":[{"href":"http:\/\/www.kunstgalerie-barbara.de\/blog\/wp-json\/wp\/v2\/types\/post"}],"author":[{"embeddable":true,"href":"http:\/\/www.kunstgalerie-barbara.de\/blog\/wp-json\/wp\/v2\/users\/1"}],"replies":[{"embeddable":true,"href":"http:\/\/www.kunstgalerie-barbara.de\/blog\/wp-json\/wp\/v2\/comments?post=7418"}],"version-history":[{"count":1,"href":"http:\/\/www.kunstgalerie-barbara.de\/blog\/wp-json\/wp\/v2\/posts\/7418\/revisions"}],"predecessor-version":[{"id":7427,"href":"http:\/\/www.kunstgalerie-barbara.de\/blog\/wp-json\/wp\/v2\/posts\/7418\/revisions\/7427"}],"wp:attachment":[{"href":"http:\/\/www.kunstgalerie-barbara.de\/blog\/wp-json\/wp\/v2\/media?parent=7418"}],"wp:term":[{"taxonomy":"category","embeddable":true,"href":"http:\/\/www.kunstgalerie-barbara.de\/blog\/wp-json\/wp\/v2\/categories?post=7418"},{"taxonomy":"post_tag","embeddable":true,"href":"http:\/\/www.kunstgalerie-barbara.de\/blog\/wp-json\/wp\/v2\/tags?post=7418"}],"curies":[{"name":"wp","href":"https:\/\/api.w.org\/{rel}","templated":true}]}}