{"id":7600,"date":"2011-03-16T06:49:16","date_gmt":"2011-03-16T05:49:16","guid":{"rendered":"http:\/\/www.kunstgalerie-barbara.de\/blog\/?p=7600"},"modified":"2011-03-17T06:57:12","modified_gmt":"2011-03-17T05:57:12","slug":"kontraminiert","status":"publish","type":"post","link":"http:\/\/www.kunstgalerie-barbara.de\/blog\/2011\/03\/kontraminiert\/","title":{"rendered":"Kontaminiert&#8230;"},"content":{"rendered":"<p>Was f\u00e4ngt man mit der Aufforderung an, mit kleinen Kindern am Besten bis auf weiteres nicht\u00a0 mehr nach drau\u00dfen zu gehen, auch nicht in den Garten, sie um Gottes Willen nicht im Sand spielen zu lassen?\u00a0 Wenn man dennoch drau\u00dfen gewesen war, was sich wohl kaum vermeiden lie\u00df und nun ins Haus zur\u00fcck kam, die F\u00fc\u00dfe sehr sorgf\u00e4ltig abzuputzen, um ja nicht zu viel Radioaktivit\u00e4t ins Haus zu schleppen. Dies zu einer Zeit, in der unsere Tochter noch haupts\u00e4chlich \u00fcber unseren Teppichboden robbte, sich zwar schon aufgerichtet hatte, jedoch die meiste Zeit spielend auf dem Boden liegend, wie alle Kleinkinder,\u00a0 zubrachte. Jeden Tag prasselten neue Schreckensmeldungen durch Funk und Fernsehen auf uns nieder. <!--more-->Was hatten wir in diesem Fr\u00fchjahr 1986 nicht alles zu tun und noch mehr zu lassen, seitdem in der Ukraine, ein marodes Atomkraftwerk\u00a0 geborsten und dessen radioaktive Bestandteile sich mit Hilfe des Windes \u00fcber ganz Nord-Europa verteilt hatten.<br \/>\nNicht nur, dass wir uns am Besten in unseren vier W\u00e4nden auf\u00a0 Zeit zu verrammeln hatten, im Grunde waren auch s\u00e4mtliche Nahrungsmittel tabu, die gerade jetzt im Fr\u00fchjahr zu sprie\u00dfen begannen.<br \/>\nDies alles geschah vor nunmehr f\u00fcnfundzwanzig Jahren und ich glaubte wirklich diese Erlebnisse, die uns alle seinerzeit sehr gepr\u00e4gt haben, weil sie zutiefst verunsicherten, da sie unser aller Sicherheit so schrecklich in Frage stellten. Dies dachte ich reiche f\u00fcr ein Menschenleben! Ich hatte falsch gedacht!<\/p>\n","protected":false},"excerpt":{"rendered":"<p>Was f\u00e4ngt man mit der Aufforderung an, mit kleinen Kindern am Besten bis auf weiteres nicht\u00a0 mehr nach drau\u00dfen zu gehen, auch nicht in den Garten, sie um Gottes Willen nicht im Sand spielen zu lassen?\u00a0 Wenn man dennoch drau\u00dfen gewesen war, was sich wohl kaum vermeiden lie\u00df und nun ins Haus zur\u00fcck kam, die F\u00fc\u00dfe sehr sorgf\u00e4ltig abzuputzen, um ja nicht zu viel Radioaktivit\u00e4t ins Haus zu schleppen. Dies zu einer Zeit, in der unsere Tochter noch haupts\u00e4chlich \u00fcber unseren Teppichboden robbte, sich zwar schon aufgerichtet hatte, jedoch die meiste Zeit spielend auf dem Boden liegend, wie alle Kleinkinder,\u00a0 zubrachte. Jeden Tag prasselten neue Schreckensmeldungen durch Funk und Fernsehen auf uns nieder.<\/p>\n","protected":false},"author":1,"featured_media":0,"comment_status":"open","ping_status":"open","sticky":false,"template":"","format":"standard","meta":{"footnotes":""},"categories":[42,40],"tags":[],"jetpack_featured_media_url":"","_links":{"self":[{"href":"http:\/\/www.kunstgalerie-barbara.de\/blog\/wp-json\/wp\/v2\/posts\/7600"}],"collection":[{"href":"http:\/\/www.kunstgalerie-barbara.de\/blog\/wp-json\/wp\/v2\/posts"}],"about":[{"href":"http:\/\/www.kunstgalerie-barbara.de\/blog\/wp-json\/wp\/v2\/types\/post"}],"author":[{"embeddable":true,"href":"http:\/\/www.kunstgalerie-barbara.de\/blog\/wp-json\/wp\/v2\/users\/1"}],"replies":[{"embeddable":true,"href":"http:\/\/www.kunstgalerie-barbara.de\/blog\/wp-json\/wp\/v2\/comments?post=7600"}],"version-history":[{"count":1,"href":"http:\/\/www.kunstgalerie-barbara.de\/blog\/wp-json\/wp\/v2\/posts\/7600\/revisions"}],"predecessor-version":[{"id":7604,"href":"http:\/\/www.kunstgalerie-barbara.de\/blog\/wp-json\/wp\/v2\/posts\/7600\/revisions\/7604"}],"wp:attachment":[{"href":"http:\/\/www.kunstgalerie-barbara.de\/blog\/wp-json\/wp\/v2\/media?parent=7600"}],"wp:term":[{"taxonomy":"category","embeddable":true,"href":"http:\/\/www.kunstgalerie-barbara.de\/blog\/wp-json\/wp\/v2\/categories?post=7600"},{"taxonomy":"post_tag","embeddable":true,"href":"http:\/\/www.kunstgalerie-barbara.de\/blog\/wp-json\/wp\/v2\/tags?post=7600"}],"curies":[{"name":"wp","href":"https:\/\/api.w.org\/{rel}","templated":true}]}}