{"id":7636,"date":"2011-03-20T09:27:26","date_gmt":"2011-03-20T08:27:26","guid":{"rendered":"http:\/\/www.kunstgalerie-barbara.de\/blog\/?p=7636"},"modified":"2011-03-20T09:28:00","modified_gmt":"2011-03-20T08:28:00","slug":"kohlekraftwerk","status":"publish","type":"post","link":"http:\/\/www.kunstgalerie-barbara.de\/blog\/2011\/03\/kohlekraftwerk\/","title":{"rendered":"Kohlekraftwerk&#8230;"},"content":{"rendered":"<p style=\"text-align: center;\"><a href=\"http:\/\/www.kunstgalerie-barbara.de\/blog\/wp-content\/uploads\/2011\/03\/P1010003.jpg\"><img loading=\"lazy\" decoding=\"async\" class=\"aligncenter size-full wp-image-7635\" title=\"P1010003\" src=\"http:\/\/www.kunstgalerie-barbara.de\/blog\/wp-content\/uploads\/2011\/03\/P1010003.jpg\" alt=\"\" width=\"302\" height=\"403\" \/><\/a>&#8230;Bremen Hemelingen!<br \/>\n&#8230;relativ gesehen ist es,\u00a0 man sollte es nicht f\u00fcr m\u00f6glich halten, die weitaus ungef\u00e4hrlichere und\u00a0 sauberere Methode um Strom zu erzeugen!<\/p>\n","protected":false},"excerpt":{"rendered":"<p>&#8230;Bremen Hemelingen! &#8230;relativ gesehen ist es,\u00a0 man sollte es nicht f\u00fcr m\u00f6glich halten, die weitaus ungef\u00e4hrlichere und\u00a0 sauberere Methode um Strom zu erzeugen!<\/p>\n","protected":false},"author":1,"featured_media":0,"comment_status":"open","ping_status":"open","sticky":false,"template":"","format":"standard","meta":{"footnotes":""},"categories":[42,40],"tags":[],"jetpack_featured_media_url":"","_links":{"self":[{"href":"http:\/\/www.kunstgalerie-barbara.de\/blog\/wp-json\/wp\/v2\/posts\/7636"}],"collection":[{"href":"http:\/\/www.kunstgalerie-barbara.de\/blog\/wp-json\/wp\/v2\/posts"}],"about":[{"href":"http:\/\/www.kunstgalerie-barbara.de\/blog\/wp-json\/wp\/v2\/types\/post"}],"author":[{"embeddable":true,"href":"http:\/\/www.kunstgalerie-barbara.de\/blog\/wp-json\/wp\/v2\/users\/1"}],"replies":[{"embeddable":true,"href":"http:\/\/www.kunstgalerie-barbara.de\/blog\/wp-json\/wp\/v2\/comments?post=7636"}],"version-history":[{"count":1,"href":"http:\/\/www.kunstgalerie-barbara.de\/blog\/wp-json\/wp\/v2\/posts\/7636\/revisions"}],"predecessor-version":[{"id":7638,"href":"http:\/\/www.kunstgalerie-barbara.de\/blog\/wp-json\/wp\/v2\/posts\/7636\/revisions\/7638"}],"wp:attachment":[{"href":"http:\/\/www.kunstgalerie-barbara.de\/blog\/wp-json\/wp\/v2\/media?parent=7636"}],"wp:term":[{"taxonomy":"category","embeddable":true,"href":"http:\/\/www.kunstgalerie-barbara.de\/blog\/wp-json\/wp\/v2\/categories?post=7636"},{"taxonomy":"post_tag","embeddable":true,"href":"http:\/\/www.kunstgalerie-barbara.de\/blog\/wp-json\/wp\/v2\/tags?post=7636"}],"curies":[{"name":"wp","href":"https:\/\/api.w.org\/{rel}","templated":true}]}}