{"id":7751,"date":"2011-04-08T08:20:59","date_gmt":"2011-04-08T07:20:59","guid":{"rendered":"http:\/\/www.kunstgalerie-barbara.de\/blog\/?p=7751"},"modified":"2011-04-15T05:19:20","modified_gmt":"2011-04-15T04:19:20","slug":"wie-bescheuert-muss-man-sein","status":"publish","type":"post","link":"http:\/\/www.kunstgalerie-barbara.de\/blog\/2011\/04\/wie-bescheuert-muss-man-sein\/","title":{"rendered":"Wie bescheuert mu\u00df man sein&#8230;"},"content":{"rendered":"<p>&#8230; um in einer\u00a0 Kochsendung des\u00a0 ZDF (Lanz kocht) den \u00fcberaus f\u00e4higen Profik\u00f6chen ein Sammelsurium von bl\u00f6dsinnigen Zutaten vor die Nase\u00a0 zu stellen ( unter anderem Lakritzstangen gemeinsam mit Fischfilet und\u00a0 wei\u00dfe Schokolade mit Blutwurst) aus denen die\u00a0 Herrn und Damen K\u00f6che dann ein mehr oder weniger schmackhaftes Menue zu zaubern hatten!<br \/>\nMahlzeiten zuzubereiten, von denen\u00a0 im Vorhinein schon klar ist, dass sie zum Wegwerfen bestimmt sind, wie pervers und grandios \u00fcbers\u00e4ttigt ist denn das!?!<\/p>\n<p><a href=\"http:\/\/www.zdf.de\/ZDFmediathek\/#\/beitrag\/video\/1275080\/Lanz-kocht!-vom-4-M%C3%A4rz-2011\">http:\/\/www.zdf.de\/ZDFmediathek\/#\/beitrag\/video\/1275080\/Lanz-kocht!-vom-4-M%C3%A4rz-2011<\/a><\/p>\n","protected":false},"excerpt":{"rendered":"<p>&#8230; um in einer\u00a0 Kochsendung des\u00a0 ZDF (Lanz kocht) den \u00fcberaus f\u00e4higen Profik\u00f6chen ein Sammelsurium von bl\u00f6dsinnigen Zutaten vor die Nase\u00a0 zu stellen ( unter anderem Lakritzstangen gemeinsam mit Fischfilet und\u00a0 wei\u00dfe Schokolade mit Blutwurst) aus denen die\u00a0 Herrn und Damen K\u00f6che dann ein mehr oder weniger schmackhaftes Menue zu zaubern hatten! Mahlzeiten zuzubereiten, von denen\u00a0 im Vorhinein schon klar ist, dass sie zum Wegwerfen bestimmt sind, wie pervers und grandios \u00fcbers\u00e4ttigt ist denn das!?! http:\/\/www.zdf.de\/ZDFmediathek\/#\/beitrag\/video\/1275080\/Lanz-kocht!-vom-4-M%C3%A4rz-2011<\/p>\n","protected":false},"author":1,"featured_media":0,"comment_status":"open","ping_status":"open","sticky":false,"template":"","format":"standard","meta":{"footnotes":""},"categories":[42],"tags":[],"jetpack_featured_media_url":"","_links":{"self":[{"href":"http:\/\/www.kunstgalerie-barbara.de\/blog\/wp-json\/wp\/v2\/posts\/7751"}],"collection":[{"href":"http:\/\/www.kunstgalerie-barbara.de\/blog\/wp-json\/wp\/v2\/posts"}],"about":[{"href":"http:\/\/www.kunstgalerie-barbara.de\/blog\/wp-json\/wp\/v2\/types\/post"}],"author":[{"embeddable":true,"href":"http:\/\/www.kunstgalerie-barbara.de\/blog\/wp-json\/wp\/v2\/users\/1"}],"replies":[{"embeddable":true,"href":"http:\/\/www.kunstgalerie-barbara.de\/blog\/wp-json\/wp\/v2\/comments?post=7751"}],"version-history":[{"count":1,"href":"http:\/\/www.kunstgalerie-barbara.de\/blog\/wp-json\/wp\/v2\/posts\/7751\/revisions"}],"predecessor-version":[{"id":7822,"href":"http:\/\/www.kunstgalerie-barbara.de\/blog\/wp-json\/wp\/v2\/posts\/7751\/revisions\/7822"}],"wp:attachment":[{"href":"http:\/\/www.kunstgalerie-barbara.de\/blog\/wp-json\/wp\/v2\/media?parent=7751"}],"wp:term":[{"taxonomy":"category","embeddable":true,"href":"http:\/\/www.kunstgalerie-barbara.de\/blog\/wp-json\/wp\/v2\/categories?post=7751"},{"taxonomy":"post_tag","embeddable":true,"href":"http:\/\/www.kunstgalerie-barbara.de\/blog\/wp-json\/wp\/v2\/tags?post=7751"}],"curies":[{"name":"wp","href":"https:\/\/api.w.org\/{rel}","templated":true}]}}