{"id":7761,"date":"2011-04-09T05:07:44","date_gmt":"2011-04-09T04:07:44","guid":{"rendered":"http:\/\/www.kunstgalerie-barbara.de\/blog\/?p=7761"},"modified":"2011-04-09T05:08:43","modified_gmt":"2011-04-09T04:08:43","slug":"dies-hier-wurde-garantiert-gegessen","status":"publish","type":"post","link":"http:\/\/www.kunstgalerie-barbara.de\/blog\/2011\/04\/dies-hier-wurde-garantiert-gegessen\/","title":{"rendered":"Dies hier wurde garantiert gegessen&#8230;"},"content":{"rendered":"<p style=\"text-align: center;\"><a href=\"http:\/\/www.kunstgalerie-barbara.de\/blog\/wp-content\/uploads\/2011\/04\/P1010060.jpg\"><img loading=\"lazy\" decoding=\"async\" class=\"aligncenter size-full wp-image-7760\" title=\"P1010060\" src=\"http:\/\/www.kunstgalerie-barbara.de\/blog\/wp-content\/uploads\/2011\/04\/P1010060.jpg\" alt=\"\" width=\"461\" height=\"346\" \/><\/a> und das mit Appetit<\/p>\n<p style=\"text-align: center;\"><strong><em>Fr\u00fchlingsquiche!<\/em><\/strong><\/p>\n<p style=\"text-align: center;\"><strong><em>Mit Lauchstangen\u00a0 Brokkolie und Tomatenviertel<!--more--><br \/>\n<\/em><\/strong><\/p>\n<p><strong><em>200 g\u00a0 Weizen-Mehl 1050<br \/>\ndazu 50 g Vollkornweizenmehl oder 1oo g Weizen-Mehl 1050<br \/>\nein P\u00e4ckchen Backpulver<br \/>\nein Ei<br \/>\n250 g Quark oder auch weniger<br \/>\nund \u00d6l nach Belieben<br \/>\nIch nehme etwa 10 E\u00dfl. Raps\u00f6l, denn sein Geschmack ist unvergleichlich und pa\u00dft zu allem.<\/em><\/strong><\/p>\n<p><strong><em> <\/em><\/strong><\/p>\n<p><strong><em>Nun alle Zutaten verkneten, womit ist v\u00f6llig egal. Wenn der Teig zu fest ist, ein wenig Wasser dazugeben und einarbeiten.<\/em><\/strong><\/p>\n<p><strong><em> <\/em><\/strong><\/p>\n<p><strong><em>Teig ausrollen und entweder auf ein Blech  legen oder Pizzaform oder was auch immer. Jetzt kommt das, was auf die  Quiche drauf kommt, n\u00e4mlich die Auflage, das Gem\u00fcse und das kann je nach  Geschmack oder Vorliebe variieren. In diesem Fall sind es vier Stangen Lauch auch Porree genannt, Brokkolie und drei Tomaten in Viertel geschitten. <\/em><em>Lauch in St\u00fccke schneiden, Brokkolie in R\u00f6schen zerteilen und auch ruhig die nicht holzigen Teile vom Strunk in Scheiben schneiden und alles zusammen kurz vord\u00fcnsten. Wasser abgie\u00dfen,  Gem\u00fcse abtropfen lassen und auf dem Teig verteilen. Die geviertelten Tomaten,  zwischen dem Porree und\u00a0 Brokkolie verteilen.\u00a0 Zum Schlu\u00df\u00a0 500 g Joghurt, mit einem Ei und Gew\u00fcrzen, wie  Kr\u00e4utersalz, frisch gemahlenem schwarzem Pfeffer und einem Teell\u00f6ffel  Curry und last not but last einem\u00a0 kleinen Schu\u00df Raps\u00f6l verquirreln.  Dies dann auf dem Gem\u00fcse verteilen\u00a0 und dann ab in den  Backofen. Auf mittlerer Schiene die Quiche 40 min auf 200 \u00b0C backen und  dann servieren.<\/em><\/strong><\/p>\n<p><strong><em>Voila und bon appetit<br \/>\n<\/em><\/strong><\/p>\n<div><strong><em><br \/>\n<a href=\"http:\/\/creativecommons.org\/licenses\/by-nc-nd\/3.0\"><br \/>\n<\/a><\/em><\/strong><\/div>\n<p style=\"text-align: center;\"><strong><em><br \/>\n<\/em><\/strong><\/p>\n","protected":false},"excerpt":{"rendered":"<p>und das mit Appetit Fr\u00fchlingsquiche! Mit Lauchstangen\u00a0 Brokkolie und Tomatenviertel<\/p>\n","protected":false},"author":1,"featured_media":0,"comment_status":"open","ping_status":"open","sticky":false,"template":"","format":"standard","meta":{"footnotes":""},"categories":[27],"tags":[],"jetpack_featured_media_url":"","_links":{"self":[{"href":"http:\/\/www.kunstgalerie-barbara.de\/blog\/wp-json\/wp\/v2\/posts\/7761"}],"collection":[{"href":"http:\/\/www.kunstgalerie-barbara.de\/blog\/wp-json\/wp\/v2\/posts"}],"about":[{"href":"http:\/\/www.kunstgalerie-barbara.de\/blog\/wp-json\/wp\/v2\/types\/post"}],"author":[{"embeddable":true,"href":"http:\/\/www.kunstgalerie-barbara.de\/blog\/wp-json\/wp\/v2\/users\/1"}],"replies":[{"embeddable":true,"href":"http:\/\/www.kunstgalerie-barbara.de\/blog\/wp-json\/wp\/v2\/comments?post=7761"}],"version-history":[{"count":1,"href":"http:\/\/www.kunstgalerie-barbara.de\/blog\/wp-json\/wp\/v2\/posts\/7761\/revisions"}],"predecessor-version":[{"id":7767,"href":"http:\/\/www.kunstgalerie-barbara.de\/blog\/wp-json\/wp\/v2\/posts\/7761\/revisions\/7767"}],"wp:attachment":[{"href":"http:\/\/www.kunstgalerie-barbara.de\/blog\/wp-json\/wp\/v2\/media?parent=7761"}],"wp:term":[{"taxonomy":"category","embeddable":true,"href":"http:\/\/www.kunstgalerie-barbara.de\/blog\/wp-json\/wp\/v2\/categories?post=7761"},{"taxonomy":"post_tag","embeddable":true,"href":"http:\/\/www.kunstgalerie-barbara.de\/blog\/wp-json\/wp\/v2\/tags?post=7761"}],"curies":[{"name":"wp","href":"https:\/\/api.w.org\/{rel}","templated":true}]}}