{"id":7788,"date":"2011-04-12T09:40:53","date_gmt":"2011-04-12T08:40:53","guid":{"rendered":"http:\/\/www.kunstgalerie-barbara.de\/blog\/?p=7788"},"modified":"2011-04-13T16:13:44","modified_gmt":"2011-04-13T15:13:44","slug":"es-mag-zwar-sein-sein-dass-k-t-von-und-zu-guttenberg","status":"publish","type":"post","link":"http:\/\/www.kunstgalerie-barbara.de\/blog\/2011\/04\/es-mag-zwar-sein-sein-dass-k-t-von-und-zu-guttenberg\/","title":{"rendered":"Es mag zwar sein sein, dass K.T. von und zu Guttenberg&#8230;"},"content":{"rendered":"<p>&#8230;die Hauptverantwortung f\u00fcr sein Dilemma tr\u00e4gt, doch meine ich (\u00fcber diesen Aspekt hat sich merkw\u00fcrdigerweise noch \u00fcberhaupt niemand ausgelassen) tr\u00e4gt Guttenbergs &#8220;Doktorvater&#8221; ebensoviel Verantwortung, denn er ist es, der diese ber\u00fcchtigte Doktorarbeit durchgewunken hat. Auch m\u00fcssen die Personen, die die Doktorarbeit Korrektur gelesen haben,\u00a0 blind oder sehr uninteressiert\u00a0 gewesen sein,\u00a0 um die besagten Plagiatspassagen aufzusp\u00fcren.<br \/>\nVermutlich stehen\u00a0 Studenten schon Schlange um bei\u00a0 besagten Professoren zu promovieren! Es wird sich schon rumgesprochen haben, dass es bei diesen Herren oder Damen besonders easy \u00fcber die B\u00fchne geht!<\/p>\n","protected":false},"excerpt":{"rendered":"<p>&#8230;die Hauptverantwortung f\u00fcr sein Dilemma tr\u00e4gt, doch meine ich (\u00fcber diesen Aspekt hat sich merkw\u00fcrdigerweise noch \u00fcberhaupt niemand ausgelassen) tr\u00e4gt Guttenbergs &#8220;Doktorvater&#8221; ebensoviel Verantwortung, denn er ist es, der diese ber\u00fcchtigte Doktorarbeit durchgewunken hat. Auch m\u00fcssen die Personen, die die Doktorarbeit Korrektur gelesen haben,\u00a0 blind oder sehr uninteressiert\u00a0 gewesen sein,\u00a0 um die besagten Plagiatspassagen aufzusp\u00fcren. Vermutlich stehen\u00a0 Studenten schon Schlange um bei\u00a0 besagten Professoren zu promovieren! Es wird sich schon rumgesprochen haben, dass es bei diesen Herren oder Damen besonders easy \u00fcber die B\u00fchne geht!<\/p>\n","protected":false},"author":1,"featured_media":0,"comment_status":"open","ping_status":"open","sticky":false,"template":"","format":"standard","meta":{"footnotes":""},"categories":[42,40],"tags":[],"jetpack_featured_media_url":"","_links":{"self":[{"href":"http:\/\/www.kunstgalerie-barbara.de\/blog\/wp-json\/wp\/v2\/posts\/7788"}],"collection":[{"href":"http:\/\/www.kunstgalerie-barbara.de\/blog\/wp-json\/wp\/v2\/posts"}],"about":[{"href":"http:\/\/www.kunstgalerie-barbara.de\/blog\/wp-json\/wp\/v2\/types\/post"}],"author":[{"embeddable":true,"href":"http:\/\/www.kunstgalerie-barbara.de\/blog\/wp-json\/wp\/v2\/users\/1"}],"replies":[{"embeddable":true,"href":"http:\/\/www.kunstgalerie-barbara.de\/blog\/wp-json\/wp\/v2\/comments?post=7788"}],"version-history":[{"count":1,"href":"http:\/\/www.kunstgalerie-barbara.de\/blog\/wp-json\/wp\/v2\/posts\/7788\/revisions"}],"predecessor-version":[{"id":7805,"href":"http:\/\/www.kunstgalerie-barbara.de\/blog\/wp-json\/wp\/v2\/posts\/7788\/revisions\/7805"}],"wp:attachment":[{"href":"http:\/\/www.kunstgalerie-barbara.de\/blog\/wp-json\/wp\/v2\/media?parent=7788"}],"wp:term":[{"taxonomy":"category","embeddable":true,"href":"http:\/\/www.kunstgalerie-barbara.de\/blog\/wp-json\/wp\/v2\/categories?post=7788"},{"taxonomy":"post_tag","embeddable":true,"href":"http:\/\/www.kunstgalerie-barbara.de\/blog\/wp-json\/wp\/v2\/tags?post=7788"}],"curies":[{"name":"wp","href":"https:\/\/api.w.org\/{rel}","templated":true}]}}