{"id":7809,"date":"2011-04-14T08:37:52","date_gmt":"2011-04-14T07:37:52","guid":{"rendered":"http:\/\/www.kunstgalerie-barbara.de\/blog\/?p=7809"},"modified":"2011-04-18T18:05:19","modified_gmt":"2011-04-18T17:05:19","slug":"knospen-brechen-endlich-auf","status":"publish","type":"post","link":"http:\/\/www.kunstgalerie-barbara.de\/blog\/2011\/04\/knospen-brechen-endlich-auf\/","title":{"rendered":"Knospen brechen endlich auf&#8230;"},"content":{"rendered":"<p style=\"text-align: center;\"><a href=\"http:\/\/www.kunstgalerie-barbara.de\/blog\/wp-content\/uploads\/2011\/04\/P1010069.jpg\"><img loading=\"lazy\" decoding=\"async\" class=\"aligncenter size-full wp-image-7810\" title=\"P1010069\" src=\"http:\/\/www.kunstgalerie-barbara.de\/blog\/wp-content\/uploads\/2011\/04\/P1010069.jpg\" alt=\"\" width=\"354\" height=\"436\" srcset=\"http:\/\/www.kunstgalerie-barbara.de\/blog\/wp-content\/uploads\/2011\/04\/P1010069.jpg 645w, http:\/\/www.kunstgalerie-barbara.de\/blog\/wp-content\/uploads\/2011\/04\/P1010069-243x300.jpg 243w\" sizes=\"(max-width: 354px) 100vw, 354px\" \/><\/a> Die ganze Natur legt sich mit einmal unglaublich ins Zeug.\u00a0 F\u00fcr uns Menschen, die wir glauben immer und \u00fcberall eingreifen zu m\u00fcssen, ein Grund einzusehen, dass es auch ohne uns sehr gut funktioniert.<br \/>\nby barbara wenzel- winter<\/p>\n","protected":false},"excerpt":{"rendered":"<p>Die ganze Natur legt sich mit einmal unglaublich ins Zeug.\u00a0 F\u00fcr uns Menschen, die wir glauben immer und \u00fcberall eingreifen zu m\u00fcssen, ein Grund einzusehen, dass es auch ohne uns sehr gut funktioniert. by barbara wenzel- winter<\/p>\n","protected":false},"author":1,"featured_media":0,"comment_status":"open","ping_status":"open","sticky":false,"template":"","format":"standard","meta":{"footnotes":""},"categories":[26],"tags":[],"jetpack_featured_media_url":"","_links":{"self":[{"href":"http:\/\/www.kunstgalerie-barbara.de\/blog\/wp-json\/wp\/v2\/posts\/7809"}],"collection":[{"href":"http:\/\/www.kunstgalerie-barbara.de\/blog\/wp-json\/wp\/v2\/posts"}],"about":[{"href":"http:\/\/www.kunstgalerie-barbara.de\/blog\/wp-json\/wp\/v2\/types\/post"}],"author":[{"embeddable":true,"href":"http:\/\/www.kunstgalerie-barbara.de\/blog\/wp-json\/wp\/v2\/users\/1"}],"replies":[{"embeddable":true,"href":"http:\/\/www.kunstgalerie-barbara.de\/blog\/wp-json\/wp\/v2\/comments?post=7809"}],"version-history":[{"count":1,"href":"http:\/\/www.kunstgalerie-barbara.de\/blog\/wp-json\/wp\/v2\/posts\/7809\/revisions"}],"predecessor-version":[{"id":7844,"href":"http:\/\/www.kunstgalerie-barbara.de\/blog\/wp-json\/wp\/v2\/posts\/7809\/revisions\/7844"}],"wp:attachment":[{"href":"http:\/\/www.kunstgalerie-barbara.de\/blog\/wp-json\/wp\/v2\/media?parent=7809"}],"wp:term":[{"taxonomy":"category","embeddable":true,"href":"http:\/\/www.kunstgalerie-barbara.de\/blog\/wp-json\/wp\/v2\/categories?post=7809"},{"taxonomy":"post_tag","embeddable":true,"href":"http:\/\/www.kunstgalerie-barbara.de\/blog\/wp-json\/wp\/v2\/tags?post=7809"}],"curies":[{"name":"wp","href":"https:\/\/api.w.org\/{rel}","templated":true}]}}