{"id":7829,"date":"2011-04-18T08:00:18","date_gmt":"2011-04-18T07:00:18","guid":{"rendered":"http:\/\/www.kunstgalerie-barbara.de\/blog\/?p=7829"},"modified":"2011-04-18T18:04:35","modified_gmt":"2011-04-18T17:04:35","slug":"die-macht-der-natur","status":"publish","type":"post","link":"http:\/\/www.kunstgalerie-barbara.de\/blog\/2011\/04\/die-macht-der-natur\/","title":{"rendered":"Die Macht der Natur&#8230;"},"content":{"rendered":"<p style=\"text-align: center;\"><a href=\"http:\/\/www.kunstgalerie-barbara.de\/blog\/wp-content\/uploads\/2011\/04\/P1010039.jpg\"><img loading=\"lazy\" decoding=\"async\" class=\"aligncenter size-full wp-image-7831\" title=\"P1010039\" src=\"http:\/\/www.kunstgalerie-barbara.de\/blog\/wp-content\/uploads\/2011\/04\/P1010039.jpg\" alt=\"\" width=\"332\" height=\"442\" \/><\/a>&#8230; kann man zum Gl\u00fcck immer wieder beobachten und auch gerade nach strengen Wintern, wie dem Vergangenen und dem Vorherigen! An unserem gro\u00dfen Ahorn, dem bald drei\u00dfigj\u00e4hrigen\u00a0 Bruder Baum,\u00a0 schien letztes Jahr zu meinem gro\u00dfen Schreck und Bedauern, ein ziemlich gro\u00dfer Bereich abgestorben zu sein. Dieses Fr\u00fchjahr stellte sich jedoch zu meiner Freude heraus, dass besagter abgestorben geglaubter Teil,\u00a0 den ich schon entfernen lassen wollte, wieder treibt. Man sollte also die Hoffnung nie zu schnell aufgeben!<\/p>\n","protected":false},"excerpt":{"rendered":"<p>&#8230; kann man zum Gl\u00fcck immer wieder beobachten und auch gerade nach strengen Wintern, wie dem Vergangenen und dem Vorherigen! An unserem gro\u00dfen Ahorn, dem bald drei\u00dfigj\u00e4hrigen\u00a0 Bruder Baum,\u00a0 schien letztes Jahr zu meinem gro\u00dfen Schreck und Bedauern, ein ziemlich gro\u00dfer Bereich abgestorben zu sein. Dieses Fr\u00fchjahr stellte sich jedoch zu meiner Freude heraus, dass besagter abgestorben geglaubter Teil,\u00a0 den ich schon entfernen lassen wollte, wieder treibt. Man sollte also die Hoffnung nie zu schnell aufgeben!<\/p>\n","protected":false},"author":1,"featured_media":0,"comment_status":"open","ping_status":"open","sticky":false,"template":"","format":"standard","meta":{"footnotes":""},"categories":[26],"tags":[],"jetpack_featured_media_url":"","_links":{"self":[{"href":"http:\/\/www.kunstgalerie-barbara.de\/blog\/wp-json\/wp\/v2\/posts\/7829"}],"collection":[{"href":"http:\/\/www.kunstgalerie-barbara.de\/blog\/wp-json\/wp\/v2\/posts"}],"about":[{"href":"http:\/\/www.kunstgalerie-barbara.de\/blog\/wp-json\/wp\/v2\/types\/post"}],"author":[{"embeddable":true,"href":"http:\/\/www.kunstgalerie-barbara.de\/blog\/wp-json\/wp\/v2\/users\/1"}],"replies":[{"embeddable":true,"href":"http:\/\/www.kunstgalerie-barbara.de\/blog\/wp-json\/wp\/v2\/comments?post=7829"}],"version-history":[{"count":1,"href":"http:\/\/www.kunstgalerie-barbara.de\/blog\/wp-json\/wp\/v2\/posts\/7829\/revisions"}],"predecessor-version":[{"id":7843,"href":"http:\/\/www.kunstgalerie-barbara.de\/blog\/wp-json\/wp\/v2\/posts\/7829\/revisions\/7843"}],"wp:attachment":[{"href":"http:\/\/www.kunstgalerie-barbara.de\/blog\/wp-json\/wp\/v2\/media?parent=7829"}],"wp:term":[{"taxonomy":"category","embeddable":true,"href":"http:\/\/www.kunstgalerie-barbara.de\/blog\/wp-json\/wp\/v2\/categories?post=7829"},{"taxonomy":"post_tag","embeddable":true,"href":"http:\/\/www.kunstgalerie-barbara.de\/blog\/wp-json\/wp\/v2\/tags?post=7829"}],"curies":[{"name":"wp","href":"https:\/\/api.w.org\/{rel}","templated":true}]}}