{"id":7848,"date":"2011-04-19T07:42:33","date_gmt":"2011-04-19T06:42:33","guid":{"rendered":"http:\/\/www.kunstgalerie-barbara.de\/blog\/?p=7848"},"modified":"2011-04-19T17:02:54","modified_gmt":"2011-04-19T16:02:54","slug":"der-angekabberte-osterhase","status":"publish","type":"post","link":"http:\/\/www.kunstgalerie-barbara.de\/blog\/2011\/04\/der-angekabberte-osterhase\/","title":{"rendered":"Der angeknabberte Osterhase&#8230;"},"content":{"rendered":"<p>Irgendwie mu\u00dfte\u00a0 ich wohl\u00a0 eine Unterhaltung meiner Eltern mitbekommen haben, die sich um Geschenke in Form von Schokoladenostereiern und Schokoladen-Osterhasen drehte. Osterhasen und Ostereier aus richtiger Schokolade war f\u00fcr ein Kind aus dem Osten, aus der DDR wie mich, etwas Phantastisches. Im real existierenden Sozialismus Anfang der F\u00fcnfziger war f\u00fcr solch \u00fcberfl\u00fcssigen Luxus kein Raum gewesen. Hier in der Eifel jedoch war das schon ein wenig anders und es konnte sein, da\u00df der Osterhase\u00a0 sich dazu hinrei\u00dfen lie\u00df, einem tats\u00e4chlich so etwas zu bringen.<!--more--> Im Alter von sieben Jahren war mir allerdings schon klar, wer bei uns zu Hause tats\u00e4chlich hinter dem Osterhasen steckte.\u00a0 Ich vermutete jedoch, da\u00df nicht nur ich, sondern auch meine kleine f\u00fcnf Jahre j\u00fcngere Nichte Birgit in Berlin diese angek\u00fcndigten Geschenke zu unserem zweiten Ostern im freien Westen bekommen sollte. In meiner Vorstellung glaubte ich, sie bek\u00e4me mehr und vor allem viel Gr\u00f6\u00dferes als ich und das durfte nicht sein!<br \/>\nIch durchschn\u00fcffelte in meiner ungebremsten Eifersucht alles und stie\u00df tats\u00e4chlich irgendwann auf einen etwa f\u00fcnfzig Zentimeter gro\u00dfen Schokoladenhasen.<br \/>\nZun\u00e4chst war ich eimal baff. Mein erster Gedanke war: \u201dDen soll bestimmt Birgit bekommen \u201c. Und mein zweiter: \u201cDen tollen Hasen soll sie nicht ganz allein aufessen d\u00fcrfen, ich will auch etwas davon abhaben!\u201c<br \/>\nJeden Tag schlich ich mich zum Schrank, schob die Verpackung, das Staniolpapier, beiseite und knabberte mich von Tag zu Tag tiefer in den Hasen, bis da ein nicht zu \u00fcbersehendes Loch in der Schokolade klaffte.<br \/>\nDer Ostersonntag kam heran und meine Angst vor der Entdeckung dessen, was ich da angerichtet hatte, wurde immer gr\u00f6\u00dfer.<br \/>\nIch schlich mit eingezogenem Kopf durch die Wohnung und erwartete ein Donnerwetter, das jeden Moment auf mich niedersausen konnte.<br \/>\nIch konnte mir nicht vorstellen, da\u00df meine Eltern nichts gemerkt haben sollten. Aber die erwartete Reaktion kam nicht.<br \/>\nAllerdings was kam, war der Ostersonntagmorgen!\u00a0 Ich begann nach einer allzu munteren Aufforderung, wie mir schien,\u00a0 die Ostereier\u00a0 zu suchen und tat es, so als sei nichts geschehen. Was blieb mir auch anderes \u00fcbrig!<br \/>\nIch fand\u00a0 nach und nach alles Versteckte und in einem der Nester,\u00a0 o Schande auch den riesigen\u00a0 angebissenen Osterhasen.<br \/>\nIch nahm all meinen Mut zusammen, ging zu meiner Mutter und fragte sie scheinheilig, ob denn dieser Hase nicht f\u00fcr Birgit bestimmt sei. Meine Mutter antwortete mit ganz harmloser Miene, nein, Birgit h\u00e4tte\u00a0 einen kleineren Schokoladenosterhasen bekommen, das\u00a0 h\u00e4tte schon seine Richtigkeit mit dem Hasen, den ich da jetzt in der Hand hielt und ob da irgendetwas mit ihm nicht in Ordnung sei?<br \/>\nDa sprudelte aus mir all das, was mich so belastet hatte, mit einemmal wie ein gestauter See heraus und ich war unwahrscheinlich froh, es los zu sein.<br \/>\nMeine Mutter schien das Ganze sehr zu am\u00fcsieren, denn sie fragte mich, wie ich darauf gekommen sei, da\u00df dieser von mir angeknabberte Hase nicht f\u00fcr mich bestimmt gewesen sei.<br \/>\nDarauf hatte ich keine plausible Antwort und wir belie\u00dfen es dabei.<\/p>\n<p>Mehr Geschichten aus dieser Zeit in meinem Buch :\u00a0<em><strong> Die Katze in der roten Baskenm\u00fctze<\/strong><\/em>.\u00a0 Mit einem Klick auf\u00a0 das entsprechende Buchcover rechts sind sie bei Amazon und k\u00f6nnen es erwerben!<\/p>\n<p><strong> <\/strong><\/p>\n","protected":false},"excerpt":{"rendered":"<p>Irgendwie mu\u00dfte\u00a0 ich wohl\u00a0 eine Unterhaltung meiner Eltern mitbekommen haben, die sich um Geschenke in Form von Schokoladenostereiern und Schokoladen-Osterhasen drehte. Osterhasen und Ostereier aus richtiger Schokolade war f\u00fcr ein Kind aus dem Osten, aus der DDR wie mich, etwas Phantastisches. Im real existierenden Sozialismus Anfang der F\u00fcnfziger war f\u00fcr solch \u00fcberfl\u00fcssigen Luxus kein Raum gewesen. Hier in der Eifel jedoch war das schon ein wenig anders und es konnte sein, da\u00df der Osterhase\u00a0 sich dazu hinrei\u00dfen lie\u00df, einem tats\u00e4chlich so etwas zu bringen.<\/p>\n","protected":false},"author":1,"featured_media":0,"comment_status":"open","ping_status":"open","sticky":false,"template":"","format":"standard","meta":{"footnotes":""},"categories":[18],"tags":[],"jetpack_featured_media_url":"","_links":{"self":[{"href":"http:\/\/www.kunstgalerie-barbara.de\/blog\/wp-json\/wp\/v2\/posts\/7848"}],"collection":[{"href":"http:\/\/www.kunstgalerie-barbara.de\/blog\/wp-json\/wp\/v2\/posts"}],"about":[{"href":"http:\/\/www.kunstgalerie-barbara.de\/blog\/wp-json\/wp\/v2\/types\/post"}],"author":[{"embeddable":true,"href":"http:\/\/www.kunstgalerie-barbara.de\/blog\/wp-json\/wp\/v2\/users\/1"}],"replies":[{"embeddable":true,"href":"http:\/\/www.kunstgalerie-barbara.de\/blog\/wp-json\/wp\/v2\/comments?post=7848"}],"version-history":[{"count":1,"href":"http:\/\/www.kunstgalerie-barbara.de\/blog\/wp-json\/wp\/v2\/posts\/7848\/revisions"}],"predecessor-version":[{"id":13943,"href":"http:\/\/www.kunstgalerie-barbara.de\/blog\/wp-json\/wp\/v2\/posts\/7848\/revisions\/13943"}],"wp:attachment":[{"href":"http:\/\/www.kunstgalerie-barbara.de\/blog\/wp-json\/wp\/v2\/media?parent=7848"}],"wp:term":[{"taxonomy":"category","embeddable":true,"href":"http:\/\/www.kunstgalerie-barbara.de\/blog\/wp-json\/wp\/v2\/categories?post=7848"},{"taxonomy":"post_tag","embeddable":true,"href":"http:\/\/www.kunstgalerie-barbara.de\/blog\/wp-json\/wp\/v2\/tags?post=7848"}],"curies":[{"name":"wp","href":"https:\/\/api.w.org\/{rel}","templated":true}]}}