{"id":7874,"date":"2011-04-22T07:19:50","date_gmt":"2011-04-22T06:19:50","guid":{"rendered":"http:\/\/www.kunstgalerie-barbara.de\/blog\/?p=7874"},"modified":"2011-04-22T07:20:35","modified_gmt":"2011-04-22T06:20:35","slug":"butterblumenzeit-und-ostern-fallen-dies-jahr-zusammen","status":"publish","type":"post","link":"http:\/\/www.kunstgalerie-barbara.de\/blog\/2011\/04\/butterblumenzeit-und-ostern-fallen-dies-jahr-zusammen\/","title":{"rendered":"Butterblumenzeit und Ostern fallen dies Jahr zusammen&#8230;"},"content":{"rendered":"<p style=\"text-align: center;\"><a href=\"http:\/\/www.kunstgalerie-barbara.de\/blog\/wp-content\/uploads\/2011\/04\/DSC_0046.jpg\"><img loading=\"lazy\" decoding=\"async\" class=\"aligncenter size-full wp-image-7873\" title=\"DSC_0046\" src=\"http:\/\/www.kunstgalerie-barbara.de\/blog\/wp-content\/uploads\/2011\/04\/DSC_0046.jpg\" alt=\"\" width=\"468\" height=\"311\" \/><\/a>&#8230;eine sehr seltene Angelegenheit. Kommt aber immer dann vor, wenn Ostern Ende April liegt wie dies Jahr. Der Flieder sitzt auch schon in den Startl\u00f6chern, ist kurz davor zu bl\u00fchen! Die Bl\u00e4tter unser Ah\u00f6rner haben auch bereits ausgetrieben, bei dem warmen Wetter kein Wunder. Kurz gesagt, dies Ostern mu\u00df einfach phantastisch werden.<\/p>\n","protected":false},"excerpt":{"rendered":"<p>&#8230;eine sehr seltene Angelegenheit. Kommt aber immer dann vor, wenn Ostern Ende April liegt wie dies Jahr. Der Flieder sitzt auch schon in den Startl\u00f6chern, ist kurz davor zu bl\u00fchen! Die Bl\u00e4tter unser Ah\u00f6rner haben auch bereits ausgetrieben, bei dem warmen Wetter kein Wunder. Kurz gesagt, dies Ostern mu\u00df einfach phantastisch werden.<\/p>\n","protected":false},"author":1,"featured_media":0,"comment_status":"open","ping_status":"open","sticky":false,"template":"","format":"standard","meta":{"footnotes":""},"categories":[26],"tags":[],"jetpack_featured_media_url":"","_links":{"self":[{"href":"http:\/\/www.kunstgalerie-barbara.de\/blog\/wp-json\/wp\/v2\/posts\/7874"}],"collection":[{"href":"http:\/\/www.kunstgalerie-barbara.de\/blog\/wp-json\/wp\/v2\/posts"}],"about":[{"href":"http:\/\/www.kunstgalerie-barbara.de\/blog\/wp-json\/wp\/v2\/types\/post"}],"author":[{"embeddable":true,"href":"http:\/\/www.kunstgalerie-barbara.de\/blog\/wp-json\/wp\/v2\/users\/1"}],"replies":[{"embeddable":true,"href":"http:\/\/www.kunstgalerie-barbara.de\/blog\/wp-json\/wp\/v2\/comments?post=7874"}],"version-history":[{"count":1,"href":"http:\/\/www.kunstgalerie-barbara.de\/blog\/wp-json\/wp\/v2\/posts\/7874\/revisions"}],"predecessor-version":[{"id":7876,"href":"http:\/\/www.kunstgalerie-barbara.de\/blog\/wp-json\/wp\/v2\/posts\/7874\/revisions\/7876"}],"wp:attachment":[{"href":"http:\/\/www.kunstgalerie-barbara.de\/blog\/wp-json\/wp\/v2\/media?parent=7874"}],"wp:term":[{"taxonomy":"category","embeddable":true,"href":"http:\/\/www.kunstgalerie-barbara.de\/blog\/wp-json\/wp\/v2\/categories?post=7874"},{"taxonomy":"post_tag","embeddable":true,"href":"http:\/\/www.kunstgalerie-barbara.de\/blog\/wp-json\/wp\/v2\/tags?post=7874"}],"curies":[{"name":"wp","href":"https:\/\/api.w.org\/{rel}","templated":true}]}}