{"id":7897,"date":"2011-04-25T05:10:15","date_gmt":"2011-04-25T04:10:15","guid":{"rendered":"http:\/\/www.kunstgalerie-barbara.de\/blog\/?p=7897"},"modified":"2011-04-25T10:43:41","modified_gmt":"2011-04-25T09:43:41","slug":"maikaefer-flieg","status":"publish","type":"post","link":"http:\/\/www.kunstgalerie-barbara.de\/blog\/2011\/04\/maikaefer-flieg\/","title":{"rendered":"Maik\u00e4fer flieg&#8230;"},"content":{"rendered":"<p style=\"text-align: center;\"><a href=\"http:\/\/www.kunstgalerie-barbara.de\/blog\/wp-content\/uploads\/2011\/04\/P1010004.jpg\"><img loading=\"lazy\" decoding=\"async\" class=\"aligncenter size-full wp-image-7896\" title=\"P1010004\" src=\"http:\/\/www.kunstgalerie-barbara.de\/blog\/wp-content\/uploads\/2011\/04\/P1010004.jpg\" alt=\"\" width=\"346\" height=\"461\" \/><\/a>&#8230; Vor noch nicht allzu langer Zeit waren sie selten geworden! Jetzt gibt es sie zum Gl\u00fcck wieder, obwohl einige Zeitgenossen sie verw\u00fcnschen.<br \/>\nIch hingegen mag die kleinen Krabbler! Sie erinnern mich an Fr\u00fchjahrs- Spazierg\u00e4nge mit meinem Vater in meiner Kindheit, als Maik\u00e4fer noch zu unserem Leben geh\u00f6rten und noch nicht dazu verurteilt waren auszusterben!<\/p>\n<p style=\"text-align: center;\">by barbara wenzel-winter<\/p>\n","protected":false},"excerpt":{"rendered":"<p>&#8230; Vor noch nicht allzu langer Zeit waren sie selten geworden! Jetzt gibt es sie zum Gl\u00fcck wieder, obwohl einige Zeitgenossen sie verw\u00fcnschen. Ich hingegen mag die kleinen Krabbler! Sie erinnern mich an Fr\u00fchjahrs- Spazierg\u00e4nge mit meinem Vater in meiner Kindheit, als Maik\u00e4fer noch zu unserem Leben geh\u00f6rten und noch nicht dazu verurteilt waren auszusterben! by barbara wenzel-winter<\/p>\n","protected":false},"author":1,"featured_media":0,"comment_status":"open","ping_status":"open","sticky":false,"template":"","format":"standard","meta":{"footnotes":""},"categories":[22],"tags":[],"jetpack_featured_media_url":"","_links":{"self":[{"href":"http:\/\/www.kunstgalerie-barbara.de\/blog\/wp-json\/wp\/v2\/posts\/7897"}],"collection":[{"href":"http:\/\/www.kunstgalerie-barbara.de\/blog\/wp-json\/wp\/v2\/posts"}],"about":[{"href":"http:\/\/www.kunstgalerie-barbara.de\/blog\/wp-json\/wp\/v2\/types\/post"}],"author":[{"embeddable":true,"href":"http:\/\/www.kunstgalerie-barbara.de\/blog\/wp-json\/wp\/v2\/users\/1"}],"replies":[{"embeddable":true,"href":"http:\/\/www.kunstgalerie-barbara.de\/blog\/wp-json\/wp\/v2\/comments?post=7897"}],"version-history":[{"count":1,"href":"http:\/\/www.kunstgalerie-barbara.de\/blog\/wp-json\/wp\/v2\/posts\/7897\/revisions"}],"predecessor-version":[{"id":7907,"href":"http:\/\/www.kunstgalerie-barbara.de\/blog\/wp-json\/wp\/v2\/posts\/7897\/revisions\/7907"}],"wp:attachment":[{"href":"http:\/\/www.kunstgalerie-barbara.de\/blog\/wp-json\/wp\/v2\/media?parent=7897"}],"wp:term":[{"taxonomy":"category","embeddable":true,"href":"http:\/\/www.kunstgalerie-barbara.de\/blog\/wp-json\/wp\/v2\/categories?post=7897"},{"taxonomy":"post_tag","embeddable":true,"href":"http:\/\/www.kunstgalerie-barbara.de\/blog\/wp-json\/wp\/v2\/tags?post=7897"}],"curies":[{"name":"wp","href":"https:\/\/api.w.org\/{rel}","templated":true}]}}