{"id":7923,"date":"2011-04-27T08:31:01","date_gmt":"2011-04-27T07:31:01","guid":{"rendered":"http:\/\/www.kunstgalerie-barbara.de\/blog\/?p=7923"},"modified":"2011-04-27T08:31:01","modified_gmt":"2011-04-27T07:31:01","slug":"irgendetwas-muss-in-unserer-gesellschaft","status":"publish","type":"post","link":"http:\/\/www.kunstgalerie-barbara.de\/blog\/2011\/04\/irgendetwas-muss-in-unserer-gesellschaft\/","title":{"rendered":"Irgendetwas mu\u00df in unserer Gesellschaft&#8230;"},"content":{"rendered":"<p>oberfaul sein, wenn in den Medien, alles was nur im Entferntesten\u00a0 mit einem gewissen schnurrb\u00e4rtigen Menschen namens\u00a0 Hitler zu tun haben k\u00f6nnte und was dann nicht von vornherein sofort als negativ deklariert, in Grund und Boden gestampft wird! Dies ist wirklich das Gegenteil von Vergangenheitsbew\u00e4ltigung! Dies ist auch das Gegenteil von Demokratie!\u00a0 Offene Diskussionen w\u00e4ren endlich angesagt um diesem \u00fcbergro\u00dfen Popanz\u00a0 zu begegnen! Nicht Dinge totschweigen oder von vornherein verdammen, einfach nur aussprechen und diskutieren.<\/p>\n","protected":false},"excerpt":{"rendered":"<p>oberfaul sein, wenn in den Medien, alles was nur im Entferntesten\u00a0 mit einem gewissen schnurrb\u00e4rtigen Menschen namens\u00a0 Hitler zu tun haben k\u00f6nnte und was dann nicht von vornherein sofort als negativ deklariert, in Grund und Boden gestampft wird! Dies ist wirklich das Gegenteil von Vergangenheitsbew\u00e4ltigung! Dies ist auch das Gegenteil von Demokratie!\u00a0 Offene Diskussionen w\u00e4ren endlich angesagt um diesem \u00fcbergro\u00dfen Popanz\u00a0 zu begegnen! Nicht Dinge totschweigen oder von vornherein verdammen, einfach nur aussprechen und diskutieren.<\/p>\n","protected":false},"author":1,"featured_media":0,"comment_status":"open","ping_status":"open","sticky":false,"template":"","format":"standard","meta":{"footnotes":""},"categories":[42],"tags":[],"jetpack_featured_media_url":"","_links":{"self":[{"href":"http:\/\/www.kunstgalerie-barbara.de\/blog\/wp-json\/wp\/v2\/posts\/7923"}],"collection":[{"href":"http:\/\/www.kunstgalerie-barbara.de\/blog\/wp-json\/wp\/v2\/posts"}],"about":[{"href":"http:\/\/www.kunstgalerie-barbara.de\/blog\/wp-json\/wp\/v2\/types\/post"}],"author":[{"embeddable":true,"href":"http:\/\/www.kunstgalerie-barbara.de\/blog\/wp-json\/wp\/v2\/users\/1"}],"replies":[{"embeddable":true,"href":"http:\/\/www.kunstgalerie-barbara.de\/blog\/wp-json\/wp\/v2\/comments?post=7923"}],"version-history":[{"count":1,"href":"http:\/\/www.kunstgalerie-barbara.de\/blog\/wp-json\/wp\/v2\/posts\/7923\/revisions"}],"predecessor-version":[{"id":7929,"href":"http:\/\/www.kunstgalerie-barbara.de\/blog\/wp-json\/wp\/v2\/posts\/7923\/revisions\/7929"}],"wp:attachment":[{"href":"http:\/\/www.kunstgalerie-barbara.de\/blog\/wp-json\/wp\/v2\/media?parent=7923"}],"wp:term":[{"taxonomy":"category","embeddable":true,"href":"http:\/\/www.kunstgalerie-barbara.de\/blog\/wp-json\/wp\/v2\/categories?post=7923"},{"taxonomy":"post_tag","embeddable":true,"href":"http:\/\/www.kunstgalerie-barbara.de\/blog\/wp-json\/wp\/v2\/tags?post=7923"}],"curies":[{"name":"wp","href":"https:\/\/api.w.org\/{rel}","templated":true}]}}