{"id":8031,"date":"2015-08-01T06:00:38","date_gmt":"2015-08-01T04:00:38","guid":{"rendered":"http:\/\/www.kunstgalerie-barbara.de\/blog\/?p=8031"},"modified":"2015-08-01T06:30:34","modified_gmt":"2015-08-01T04:30:34","slug":"der-ist-guat-beinander-gell","status":"publish","type":"post","link":"http:\/\/www.kunstgalerie-barbara.de\/blog\/2015\/08\/der-ist-guat-beinander-gell\/","title":{"rendered":"\u201eDer ist guat beinander,  gell?\u201c"},"content":{"rendered":"<p style=\"text-align: center;\">\u2026blubberte es in tiefstem Bayrisch aus dem Mund des Bauern, der mit etwas glasigen und leicht hervortretenden Augen, stolz auf seinen Eber deutete. Das Tier, ein riesiges Exemplar, eher einem Rhinozeros \u00e4hnelnd als einem Hausschwein, wankte, sein eigenes Gewicht augenscheinlich nur schwer tragen k\u00f6nnend, \u00fcber den Bauernhof. Das Bemerkenswerte an dem Tier, deshalb auch die stolze Bemerkung seines Besitzers, waren neben seiner imponierenden Gr\u00f6\u00dfe, seine ebenso imponierenden Hoden.<!--more--> Die hingen, aufgeblasenen Luftballons gleich, an seinem Hinterteil und veranlassten das Tier augenscheinlich, sich sch\u00f6n langsam und ausgeglichen zu bewegen, so dass ihnen ja nichts passierte.<br \/>\nAls das Monster von einem Schwein sich auf seinem Rundgang umdrehte, pr\u00e4sentierte es uns zur Abwechslung sein Vorderteil, seine kleinen, nicht unbedingt freundlich blickenden blauen Augen und vor allen Dingen seinen riesigen Eberkiefer mit einem wirklich stattlichen Gebiss.<br \/>\nLaut unserer Wanderkarte f\u00fchrte der Weg, den wir benutzen wollten, just \u00fcber diesen Hof. Nun standen wir hier perplex, nicht gew\u00f6hnt \u00fcber fremde Bauernh\u00f6fe zu marschieren und schon gar nicht daran gew\u00f6hnt, dabei auf Eber solcher Ausma\u00dfe zu treffen und trauten uns nicht weiter. Auf unsere besorgte Frage, ob wir hier richtig seien und besagter Wanderweg tats\u00e4chlich \u00fcber seinen Hof ginge, bekamen wir die oben aufgef\u00fchrte Antwort. Der gute Bauer hatte uns Norddeutsche offensichtlich nicht verstanden und wohl gemeint, dass uns der Eber zu einem bewunderden Ausruf veranla\u00dft h\u00e4tte. Zus\u00e4tzlich zu dem bedrohlichen, imponierend gro\u00dfen Schwein, das da vor uns auf und ab wanderte, sprang nun auch pl\u00f6tzlich giftig knurrend, mit gefletschten Z\u00e4hnen und gekr\u00e4uselter Schnauze, ein schwarzer H\u00f6llenhund auf uns zu, bereit jeden Moment zuzuschnappen. Mein noch nicht Angetrauter und ich unterlie\u00dfen es tunlichst, unsere Frage nochmals zu stellen, sagten Tsch\u00fc\u00df und traten so schnell und so unauff\u00e4llig wie m\u00f6glich den R\u00fcckzug an.<\/p>\n<p><strong>Mit einem Klick auf das entsprechende Cover sind Sie bei Amazon und k\u00f6nnen das Buch &#8220;Ein furzendes Katerchen&#8221;<strong> aus dem diese Geschichte stammt, kaufen!<\/strong><\/strong><\/p>\n","protected":false},"excerpt":{"rendered":"<p>\u2026blubberte es in tiefstem Bayrisch aus dem Mund des Bauern, der mit etwas glasigen und leicht hervortretenden Augen, stolz auf seinen Eber deutete. Das Tier, ein riesiges Exemplar, eher einem Rhinozeros \u00e4hnelnd als einem Hausschwein, wankte, sein eigenes Gewicht augenscheinlich nur schwer tragen k\u00f6nnend, \u00fcber den Bauernhof. Das Bemerkenswerte an dem Tier, deshalb auch die stolze Bemerkung seines Besitzers, waren neben seiner imponierenden Gr\u00f6\u00dfe, seine ebenso imponierenden Hoden.<\/p>\n","protected":false},"author":1,"featured_media":0,"comment_status":"open","ping_status":"open","sticky":false,"template":"","format":"standard","meta":{"footnotes":""},"categories":[16],"tags":[],"jetpack_featured_media_url":"","_links":{"self":[{"href":"http:\/\/www.kunstgalerie-barbara.de\/blog\/wp-json\/wp\/v2\/posts\/8031"}],"collection":[{"href":"http:\/\/www.kunstgalerie-barbara.de\/blog\/wp-json\/wp\/v2\/posts"}],"about":[{"href":"http:\/\/www.kunstgalerie-barbara.de\/blog\/wp-json\/wp\/v2\/types\/post"}],"author":[{"embeddable":true,"href":"http:\/\/www.kunstgalerie-barbara.de\/blog\/wp-json\/wp\/v2\/users\/1"}],"replies":[{"embeddable":true,"href":"http:\/\/www.kunstgalerie-barbara.de\/blog\/wp-json\/wp\/v2\/comments?post=8031"}],"version-history":[{"count":1,"href":"http:\/\/www.kunstgalerie-barbara.de\/blog\/wp-json\/wp\/v2\/posts\/8031\/revisions"}],"predecessor-version":[{"id":16080,"href":"http:\/\/www.kunstgalerie-barbara.de\/blog\/wp-json\/wp\/v2\/posts\/8031\/revisions\/16080"}],"wp:attachment":[{"href":"http:\/\/www.kunstgalerie-barbara.de\/blog\/wp-json\/wp\/v2\/media?parent=8031"}],"wp:term":[{"taxonomy":"category","embeddable":true,"href":"http:\/\/www.kunstgalerie-barbara.de\/blog\/wp-json\/wp\/v2\/categories?post=8031"},{"taxonomy":"post_tag","embeddable":true,"href":"http:\/\/www.kunstgalerie-barbara.de\/blog\/wp-json\/wp\/v2\/tags?post=8031"}],"curies":[{"name":"wp","href":"https:\/\/api.w.org\/{rel}","templated":true}]}}