{"id":8149,"date":"2011-05-20T09:15:18","date_gmt":"2011-05-20T08:15:18","guid":{"rendered":"http:\/\/www.kunstgalerie-barbara.de\/blog\/?p=8149"},"modified":"2011-05-21T17:47:36","modified_gmt":"2011-05-21T16:47:36","slug":"spass-macht-es-mir-nicht-fuer-die-buergerschaftswahlen-am-sonntag-meine-stimme","status":"publish","type":"post","link":"http:\/\/www.kunstgalerie-barbara.de\/blog\/2011\/05\/spass-macht-es-mir-nicht-fuer-die-buergerschaftswahlen-am-sonntag-meine-stimme\/","title":{"rendered":"Spa\u00df macht es mir nicht f\u00fcr die B\u00fcrgerschaftswahlen am Sonntag meine Stimme&#8230;"},"content":{"rendered":"<p>&#8230;abzugeben. Ich pl\u00e4diere f\u00fcr direkte Demokratie\u00a0 in Form von Volksabstimmung!<\/p>\n<p><a href=\"http:\/\/www.mehr-demokratie.de\/\">http:\/\/www.mehr-demokratie.de\/<\/a><\/p>\n<p><a href=\"http:\/\/www.mehr-demokratie.de\/volksabstimmung.html\">http:\/\/www.mehr-demokratie.de\/volksabstimmung.html<\/a><\/p>\n","protected":false},"excerpt":{"rendered":"<p>&#8230;abzugeben. Ich pl\u00e4diere f\u00fcr direkte Demokratie\u00a0 in Form von Volksabstimmung! http:\/\/www.mehr-demokratie.de\/ http:\/\/www.mehr-demokratie.de\/volksabstimmung.html<\/p>\n","protected":false},"author":1,"featured_media":0,"comment_status":"open","ping_status":"open","sticky":false,"template":"","format":"standard","meta":{"footnotes":""},"categories":[42,40],"tags":[],"jetpack_featured_media_url":"","_links":{"self":[{"href":"http:\/\/www.kunstgalerie-barbara.de\/blog\/wp-json\/wp\/v2\/posts\/8149"}],"collection":[{"href":"http:\/\/www.kunstgalerie-barbara.de\/blog\/wp-json\/wp\/v2\/posts"}],"about":[{"href":"http:\/\/www.kunstgalerie-barbara.de\/blog\/wp-json\/wp\/v2\/types\/post"}],"author":[{"embeddable":true,"href":"http:\/\/www.kunstgalerie-barbara.de\/blog\/wp-json\/wp\/v2\/users\/1"}],"replies":[{"embeddable":true,"href":"http:\/\/www.kunstgalerie-barbara.de\/blog\/wp-json\/wp\/v2\/comments?post=8149"}],"version-history":[{"count":1,"href":"http:\/\/www.kunstgalerie-barbara.de\/blog\/wp-json\/wp\/v2\/posts\/8149\/revisions"}],"predecessor-version":[{"id":8164,"href":"http:\/\/www.kunstgalerie-barbara.de\/blog\/wp-json\/wp\/v2\/posts\/8149\/revisions\/8164"}],"wp:attachment":[{"href":"http:\/\/www.kunstgalerie-barbara.de\/blog\/wp-json\/wp\/v2\/media?parent=8149"}],"wp:term":[{"taxonomy":"category","embeddable":true,"href":"http:\/\/www.kunstgalerie-barbara.de\/blog\/wp-json\/wp\/v2\/categories?post=8149"},{"taxonomy":"post_tag","embeddable":true,"href":"http:\/\/www.kunstgalerie-barbara.de\/blog\/wp-json\/wp\/v2\/tags?post=8149"}],"curies":[{"name":"wp","href":"https:\/\/api.w.org\/{rel}","templated":true}]}}