{"id":8410,"date":"2011-06-23T04:39:30","date_gmt":"2011-06-23T03:39:30","guid":{"rendered":"http:\/\/www.kunstgalerie-barbara.de\/blog\/?p=8410"},"modified":"2011-06-23T08:41:38","modified_gmt":"2011-06-23T07:41:38","slug":"was-damlicheres","status":"publish","type":"post","link":"http:\/\/www.kunstgalerie-barbara.de\/blog\/2011\/06\/was-damlicheres\/","title":{"rendered":"Was D\u00e4mlicheres&#8230;"},"content":{"rendered":"<p style=\"text-align: center;\"><a href=\"http:\/\/www.kunstgalerie-barbara.de\/blog\/wp-content\/uploads\/2011\/06\/DSC_0064.jpg\"><img loading=\"lazy\" decoding=\"async\" class=\"aligncenter size-full wp-image-8411\" title=\"DSC_0064\" src=\"http:\/\/www.kunstgalerie-barbara.de\/blog\/wp-content\/uploads\/2011\/06\/DSC_0064.jpg\" alt=\"\" width=\"429\" height=\"285\" \/><\/a><\/p>\n<p style=\"text-align: center;\">&#8230;gibt&#8217;s wohl kaum! Warum um alles in der Welt kann unser Frauenfu\u00dfball, der nebenbei bemerkt ein weitaus Besserer und Effektiverer ist als der der M\u00e4nner, nicht einfach f\u00fcr sich stehen?<\/p>\n<p style=\"text-align: center;\">&nbsp;<\/p>\n","protected":false},"excerpt":{"rendered":"<p>&#8230;gibt&#8217;s wohl kaum! Warum um alles in der Welt kann unser Frauenfu\u00dfball, der nebenbei bemerkt ein weitaus Besserer und Effektiverer ist als der der M\u00e4nner, nicht einfach f\u00fcr sich stehen? &nbsp;<\/p>\n","protected":false},"author":1,"featured_media":0,"comment_status":"open","ping_status":"open","sticky":false,"template":"","format":"standard","meta":{"footnotes":""},"categories":[22],"tags":[],"jetpack_featured_media_url":"","_links":{"self":[{"href":"http:\/\/www.kunstgalerie-barbara.de\/blog\/wp-json\/wp\/v2\/posts\/8410"}],"collection":[{"href":"http:\/\/www.kunstgalerie-barbara.de\/blog\/wp-json\/wp\/v2\/posts"}],"about":[{"href":"http:\/\/www.kunstgalerie-barbara.de\/blog\/wp-json\/wp\/v2\/types\/post"}],"author":[{"embeddable":true,"href":"http:\/\/www.kunstgalerie-barbara.de\/blog\/wp-json\/wp\/v2\/users\/1"}],"replies":[{"embeddable":true,"href":"http:\/\/www.kunstgalerie-barbara.de\/blog\/wp-json\/wp\/v2\/comments?post=8410"}],"version-history":[{"count":1,"href":"http:\/\/www.kunstgalerie-barbara.de\/blog\/wp-json\/wp\/v2\/posts\/8410\/revisions"}],"predecessor-version":[{"id":8418,"href":"http:\/\/www.kunstgalerie-barbara.de\/blog\/wp-json\/wp\/v2\/posts\/8410\/revisions\/8418"}],"wp:attachment":[{"href":"http:\/\/www.kunstgalerie-barbara.de\/blog\/wp-json\/wp\/v2\/media?parent=8410"}],"wp:term":[{"taxonomy":"category","embeddable":true,"href":"http:\/\/www.kunstgalerie-barbara.de\/blog\/wp-json\/wp\/v2\/categories?post=8410"},{"taxonomy":"post_tag","embeddable":true,"href":"http:\/\/www.kunstgalerie-barbara.de\/blog\/wp-json\/wp\/v2\/tags?post=8410"}],"curies":[{"name":"wp","href":"https:\/\/api.w.org\/{rel}","templated":true}]}}