{"id":8475,"date":"2011-07-04T05:45:44","date_gmt":"2011-07-04T04:45:44","guid":{"rendered":"http:\/\/www.kunstgalerie-barbara.de\/blog\/?p=8475"},"modified":"2011-07-04T05:58:53","modified_gmt":"2011-07-04T04:58:53","slug":"warum-so-einige","status":"publish","type":"post","link":"http:\/\/www.kunstgalerie-barbara.de\/blog\/2011\/07\/warum-so-einige\/","title":{"rendered":"Warum so einige&#8230;"},"content":{"rendered":"<p style=\"text-align: center;\"><a href=\"http:\/\/www.kunstgalerie-barbara.de\/blog\/wp-content\/uploads\/2011\/07\/DSC_00041.jpg\"><img loading=\"lazy\" decoding=\"async\" class=\"aligncenter size-full wp-image-8477\" title=\"DSC_0004\" src=\"http:\/\/www.kunstgalerie-barbara.de\/blog\/wp-content\/uploads\/2011\/07\/DSC_00041.jpg\" alt=\"\" width=\"475\" height=\"715\" \/><\/a>etwas gegen Rohkost haben, ist mir unerfindlich. Angesichts solcher farbenpr\u00e4chtiger Knackigkeit nicht nachzuvollziehen! In Gem\u00fcse wie dieses mu\u00df man doch geradezu hineinbei\u00dfen wollen! Und die Salate, die man daraus zaubern kann, einfach himmlisch! Allso ran an den Salat!<\/p>\n<p style=\"text-align: center;\"><!--more-->Am besten schmeckt mir ein mediteraner Salat<\/p>\n<p style=\"text-align: center;\">Mit R\u00f6mersalat, der knackigen Bl\u00e4tter wegen, Tomaten, Paprikaschoten, Fr\u00fchlingszwiebeln, ein Str\u00e4u\u00dfchen Portulack, Oliven, Feta, Raps\u00f6l und Zitronensaft. Gem\u00fcse zerkleinern, nicht atomisieren, Oliven und Feta nach Geschmack hinzugeben, in der Salatsch\u00fcssel mischen und dann zuletzt \u00d6l und Zitonensaft hinzugeben. Dieser Salat schmeckt zu Pasta und auch zu Pellkartoffelnund zu einem Butterbrot! Er ist allso vielseitig anwendbar.<\/p>\n<p style=\"text-align: center;\">Guten Appetit!<\/p>\n","protected":false},"excerpt":{"rendered":"<p>etwas gegen Rohkost haben, ist mir unerfindlich. Angesichts solcher farbenpr\u00e4chtiger Knackigkeit nicht nachzuvollziehen! In Gem\u00fcse wie dieses mu\u00df man doch geradezu hineinbei\u00dfen wollen! Und die Salate, die man daraus zaubern kann, einfach himmlisch! Allso ran an den Salat!<\/p>\n","protected":false},"author":1,"featured_media":0,"comment_status":"open","ping_status":"open","sticky":false,"template":"","format":"standard","meta":{"footnotes":""},"categories":[27],"tags":[],"jetpack_featured_media_url":"","_links":{"self":[{"href":"http:\/\/www.kunstgalerie-barbara.de\/blog\/wp-json\/wp\/v2\/posts\/8475"}],"collection":[{"href":"http:\/\/www.kunstgalerie-barbara.de\/blog\/wp-json\/wp\/v2\/posts"}],"about":[{"href":"http:\/\/www.kunstgalerie-barbara.de\/blog\/wp-json\/wp\/v2\/types\/post"}],"author":[{"embeddable":true,"href":"http:\/\/www.kunstgalerie-barbara.de\/blog\/wp-json\/wp\/v2\/users\/1"}],"replies":[{"embeddable":true,"href":"http:\/\/www.kunstgalerie-barbara.de\/blog\/wp-json\/wp\/v2\/comments?post=8475"}],"version-history":[{"count":1,"href":"http:\/\/www.kunstgalerie-barbara.de\/blog\/wp-json\/wp\/v2\/posts\/8475\/revisions"}],"predecessor-version":[{"id":8480,"href":"http:\/\/www.kunstgalerie-barbara.de\/blog\/wp-json\/wp\/v2\/posts\/8475\/revisions\/8480"}],"wp:attachment":[{"href":"http:\/\/www.kunstgalerie-barbara.de\/blog\/wp-json\/wp\/v2\/media?parent=8475"}],"wp:term":[{"taxonomy":"category","embeddable":true,"href":"http:\/\/www.kunstgalerie-barbara.de\/blog\/wp-json\/wp\/v2\/categories?post=8475"},{"taxonomy":"post_tag","embeddable":true,"href":"http:\/\/www.kunstgalerie-barbara.de\/blog\/wp-json\/wp\/v2\/tags?post=8475"}],"curies":[{"name":"wp","href":"https:\/\/api.w.org\/{rel}","templated":true}]}}