{"id":8482,"date":"2011-07-05T07:15:27","date_gmt":"2011-07-05T06:15:27","guid":{"rendered":"http:\/\/www.kunstgalerie-barbara.de\/blog\/?p=8482"},"modified":"2011-07-05T07:16:35","modified_gmt":"2011-07-05T06:16:35","slug":"einen-eigenen-aprikosenbaum","status":"publish","type":"post","link":"http:\/\/www.kunstgalerie-barbara.de\/blog\/2011\/07\/einen-eigenen-aprikosenbaum\/","title":{"rendered":"Einen eigenen Aprikosenbaum&#8230;"},"content":{"rendered":"<p style=\"text-align: center;\"><a href=\"http:\/\/www.kunstgalerie-barbara.de\/blog\/wp-content\/uploads\/2011\/07\/DSC_00021.jpg\"><img loading=\"lazy\" decoding=\"async\" class=\"aligncenter size-full wp-image-8484\" title=\"DSC_0002\" src=\"http:\/\/www.kunstgalerie-barbara.de\/blog\/wp-content\/uploads\/2011\/07\/DSC_00021.jpg\" alt=\"\" width=\"432\" height=\"650\" \/><\/a>&#8230;h\u00e4tte ich auch gern. Einige Strassen von uns entfernt hat jemand so einen.<br \/>\nAprikosenb\u00e4ume hatte ich immer viel weiter s\u00fcdlich von uns angesiedelt. So kann man sich t\u00e4uschen!<\/p>\n<p style=\"text-align: center;\">by barbara wenzel-winter<\/p>\n","protected":false},"excerpt":{"rendered":"<p>&#8230;h\u00e4tte ich auch gern. Einige Strassen von uns entfernt hat jemand so einen. Aprikosenb\u00e4ume hatte ich immer viel weiter s\u00fcdlich von uns angesiedelt. So kann man sich t\u00e4uschen! by barbara wenzel-winter<\/p>\n","protected":false},"author":1,"featured_media":0,"comment_status":"open","ping_status":"open","sticky":false,"template":"","format":"standard","meta":{"footnotes":""},"categories":[26],"tags":[],"jetpack_featured_media_url":"","_links":{"self":[{"href":"http:\/\/www.kunstgalerie-barbara.de\/blog\/wp-json\/wp\/v2\/posts\/8482"}],"collection":[{"href":"http:\/\/www.kunstgalerie-barbara.de\/blog\/wp-json\/wp\/v2\/posts"}],"about":[{"href":"http:\/\/www.kunstgalerie-barbara.de\/blog\/wp-json\/wp\/v2\/types\/post"}],"author":[{"embeddable":true,"href":"http:\/\/www.kunstgalerie-barbara.de\/blog\/wp-json\/wp\/v2\/users\/1"}],"replies":[{"embeddable":true,"href":"http:\/\/www.kunstgalerie-barbara.de\/blog\/wp-json\/wp\/v2\/comments?post=8482"}],"version-history":[{"count":1,"href":"http:\/\/www.kunstgalerie-barbara.de\/blog\/wp-json\/wp\/v2\/posts\/8482\/revisions"}],"predecessor-version":[{"id":8486,"href":"http:\/\/www.kunstgalerie-barbara.de\/blog\/wp-json\/wp\/v2\/posts\/8482\/revisions\/8486"}],"wp:attachment":[{"href":"http:\/\/www.kunstgalerie-barbara.de\/blog\/wp-json\/wp\/v2\/media?parent=8482"}],"wp:term":[{"taxonomy":"category","embeddable":true,"href":"http:\/\/www.kunstgalerie-barbara.de\/blog\/wp-json\/wp\/v2\/categories?post=8482"},{"taxonomy":"post_tag","embeddable":true,"href":"http:\/\/www.kunstgalerie-barbara.de\/blog\/wp-json\/wp\/v2\/tags?post=8482"}],"curies":[{"name":"wp","href":"https:\/\/api.w.org\/{rel}","templated":true}]}}