{"id":8615,"date":"2011-08-01T08:34:24","date_gmt":"2011-08-01T07:34:24","guid":{"rendered":"http:\/\/www.kunstgalerie-barbara.de\/blog\/?p=8615"},"modified":"2011-08-01T08:34:24","modified_gmt":"2011-08-01T07:34:24","slug":"joghurteis-selbstgemacht-mit-sommerfruchten","status":"publish","type":"post","link":"http:\/\/www.kunstgalerie-barbara.de\/blog\/2011\/08\/joghurteis-selbstgemacht-mit-sommerfruchten\/","title":{"rendered":"Joghurteis selbstgemacht mit Sommerfr\u00fcchten"},"content":{"rendered":"<p style=\"text-align: center;\"><a href=\"http:\/\/www.kunstgalerie-barbara.de\/blog\/wp-content\/uploads\/2011\/08\/P1010099.jpg\"><img loading=\"lazy\" decoding=\"async\" class=\"aligncenter size-full wp-image-8617\" title=\"P1010099\" src=\"http:\/\/www.kunstgalerie-barbara.de\/blog\/wp-content\/uploads\/2011\/08\/P1010099.jpg\" alt=\"\" width=\"443\" height=\"332\" \/><\/a>ist die einfachste Sache der Welt<br \/>\ngeht so:<br \/>\n<!--more-->In diesem Fall<br \/>\nVanille-Joghurd mit\u00a0 Waldbeeren- Joghurd mischen. Beides in eine laufende Eismaschine geben. Zwei E\u00dfl\u00f6ffel fl\u00fcssigen Honig dazu. Inzwischen Dessertschalen mit Obst der Saison f\u00fcllen. Das fertige Eis auf dem Obst portionieren. Wer will kann das Ganze noch mit Schlagsahne kr\u00f6nen. Mu\u00df aber nicht unbedingt sein, schmeckt auch so!<\/p>\n<p style=\"text-align: center;\">&nbsp;<\/p>\n<p><a href=\"http:\/\/www.kunstgalerie-barbara.de\/blog\/wp-content\/uploads\/2011\/08\/P1010095.jpg\"><img loading=\"lazy\" decoding=\"async\" class=\"aligncenter size-full wp-image-8619\" title=\"P1010095\" src=\"http:\/\/www.kunstgalerie-barbara.de\/blog\/wp-content\/uploads\/2011\/08\/P1010095.jpg\" alt=\"\" width=\"420\" height=\"560\" \/><\/a><\/p>\n<p style=\"text-align: center;\">&nbsp;<\/p>\n","protected":false},"excerpt":{"rendered":"<p>ist die einfachste Sache der Welt geht so:<\/p>\n","protected":false},"author":1,"featured_media":0,"comment_status":"open","ping_status":"open","sticky":false,"template":"","format":"standard","meta":{"footnotes":""},"categories":[27],"tags":[],"jetpack_featured_media_url":"","_links":{"self":[{"href":"http:\/\/www.kunstgalerie-barbara.de\/blog\/wp-json\/wp\/v2\/posts\/8615"}],"collection":[{"href":"http:\/\/www.kunstgalerie-barbara.de\/blog\/wp-json\/wp\/v2\/posts"}],"about":[{"href":"http:\/\/www.kunstgalerie-barbara.de\/blog\/wp-json\/wp\/v2\/types\/post"}],"author":[{"embeddable":true,"href":"http:\/\/www.kunstgalerie-barbara.de\/blog\/wp-json\/wp\/v2\/users\/1"}],"replies":[{"embeddable":true,"href":"http:\/\/www.kunstgalerie-barbara.de\/blog\/wp-json\/wp\/v2\/comments?post=8615"}],"version-history":[{"count":1,"href":"http:\/\/www.kunstgalerie-barbara.de\/blog\/wp-json\/wp\/v2\/posts\/8615\/revisions"}],"predecessor-version":[{"id":8624,"href":"http:\/\/www.kunstgalerie-barbara.de\/blog\/wp-json\/wp\/v2\/posts\/8615\/revisions\/8624"}],"wp:attachment":[{"href":"http:\/\/www.kunstgalerie-barbara.de\/blog\/wp-json\/wp\/v2\/media?parent=8615"}],"wp:term":[{"taxonomy":"category","embeddable":true,"href":"http:\/\/www.kunstgalerie-barbara.de\/blog\/wp-json\/wp\/v2\/categories?post=8615"},{"taxonomy":"post_tag","embeddable":true,"href":"http:\/\/www.kunstgalerie-barbara.de\/blog\/wp-json\/wp\/v2\/tags?post=8615"}],"curies":[{"name":"wp","href":"https:\/\/api.w.org\/{rel}","templated":true}]}}