{"id":8638,"date":"2011-08-04T06:03:36","date_gmt":"2011-08-04T05:03:36","guid":{"rendered":"http:\/\/www.kunstgalerie-barbara.de\/blog\/?p=8638"},"modified":"2011-08-04T06:37:11","modified_gmt":"2011-08-04T05:37:11","slug":"so-geduldig-wartet-er","status":"publish","type":"post","link":"http:\/\/www.kunstgalerie-barbara.de\/blog\/2011\/08\/so-geduldig-wartet-er\/","title":{"rendered":"So geduldig wartet er&#8230;"},"content":{"rendered":"<p style=\"text-align: center;\"><a href=\"http:\/\/www.kunstgalerie-barbara.de\/blog\/wp-content\/uploads\/2011\/08\/P1000934.jpg\"><img loading=\"lazy\" decoding=\"async\" class=\"aligncenter size-full wp-image-8639\" title=\"P1000934\" src=\"http:\/\/www.kunstgalerie-barbara.de\/blog\/wp-content\/uploads\/2011\/08\/P1000934.jpg\" alt=\"\" width=\"462\" height=\"616\" \/><\/a>&#8230;auf die, die ihn in einem Cabrio zur\u00fcck gelassen haben und in aller Ausgiebigkeit \u00fcber den Findorffmarkt bummeln! Wir kamen und er wartete wohl schon einige Zeit . Wir kauften ein und als wir fertig waren, nach \u00fcber einer dreiviertel Stunde, sa\u00df er immer noch geduldig ohne einen wuf zu sagen auf dem engen R\u00fccksitz des Cabrios!<\/p>\n","protected":false},"excerpt":{"rendered":"<p>&#8230;auf die, die ihn in einem Cabrio zur\u00fcck gelassen haben und in aller Ausgiebigkeit \u00fcber den Findorffmarkt bummeln! Wir kamen und er wartete wohl schon einige Zeit . Wir kauften ein und als wir fertig waren, nach \u00fcber einer dreiviertel Stunde, sa\u00df er immer noch geduldig ohne einen wuf zu sagen auf dem engen R\u00fccksitz des Cabrios!<\/p>\n","protected":false},"author":1,"featured_media":0,"comment_status":"open","ping_status":"open","sticky":false,"template":"","format":"standard","meta":{"footnotes":""},"categories":[22],"tags":[],"jetpack_featured_media_url":"","_links":{"self":[{"href":"http:\/\/www.kunstgalerie-barbara.de\/blog\/wp-json\/wp\/v2\/posts\/8638"}],"collection":[{"href":"http:\/\/www.kunstgalerie-barbara.de\/blog\/wp-json\/wp\/v2\/posts"}],"about":[{"href":"http:\/\/www.kunstgalerie-barbara.de\/blog\/wp-json\/wp\/v2\/types\/post"}],"author":[{"embeddable":true,"href":"http:\/\/www.kunstgalerie-barbara.de\/blog\/wp-json\/wp\/v2\/users\/1"}],"replies":[{"embeddable":true,"href":"http:\/\/www.kunstgalerie-barbara.de\/blog\/wp-json\/wp\/v2\/comments?post=8638"}],"version-history":[{"count":1,"href":"http:\/\/www.kunstgalerie-barbara.de\/blog\/wp-json\/wp\/v2\/posts\/8638\/revisions"}],"predecessor-version":[{"id":8641,"href":"http:\/\/www.kunstgalerie-barbara.de\/blog\/wp-json\/wp\/v2\/posts\/8638\/revisions\/8641"}],"wp:attachment":[{"href":"http:\/\/www.kunstgalerie-barbara.de\/blog\/wp-json\/wp\/v2\/media?parent=8638"}],"wp:term":[{"taxonomy":"category","embeddable":true,"href":"http:\/\/www.kunstgalerie-barbara.de\/blog\/wp-json\/wp\/v2\/categories?post=8638"},{"taxonomy":"post_tag","embeddable":true,"href":"http:\/\/www.kunstgalerie-barbara.de\/blog\/wp-json\/wp\/v2\/tags?post=8638"}],"curies":[{"name":"wp","href":"https:\/\/api.w.org\/{rel}","templated":true}]}}