{"id":8685,"date":"2011-08-14T08:01:34","date_gmt":"2011-08-14T07:01:34","guid":{"rendered":"http:\/\/www.kunstgalerie-barbara.de\/blog\/?p=8685"},"modified":"2011-08-16T06:26:36","modified_gmt":"2011-08-16T05:26:36","slug":"die-mauer","status":"publish","type":"post","link":"http:\/\/www.kunstgalerie-barbara.de\/blog\/2011\/08\/die-mauer\/","title":{"rendered":"Die Mauer &#8230;"},"content":{"rendered":"<p>&#8230; und vor allem ihre Auswirkungen sind f\u00fcr alle, die den Wahnsinn des <em><strong><span style=\"color: #888888;\">Real existierenden Sozialismus<\/span><\/strong><\/em> bewu\u00dft oder unbewu\u00dft miterlebt haben und von ihm beeintr\u00e4chtigt wurden, in die Seelen eingebrannt!<br \/>\nDass sie seit \u00fcber zwanzig Jahren nicht mehr existiert, wird daran nichts \u00e4ndern.<\/p>\n<p>&nbsp;<\/p>\n","protected":false},"excerpt":{"rendered":"<p>&#8230; und vor allem ihre Auswirkungen sind f\u00fcr alle, die den Wahnsinn des Real existierenden Sozialismus bewu\u00dft oder unbewu\u00dft miterlebt haben und von ihm beeintr\u00e4chtigt wurden, in die Seelen eingebrannt! Dass sie seit \u00fcber zwanzig Jahren nicht mehr existiert, wird daran nichts \u00e4ndern. &nbsp;<\/p>\n","protected":false},"author":1,"featured_media":0,"comment_status":"open","ping_status":"open","sticky":false,"template":"","format":"standard","meta":{"footnotes":""},"categories":[42,40],"tags":[],"jetpack_featured_media_url":"","_links":{"self":[{"href":"http:\/\/www.kunstgalerie-barbara.de\/blog\/wp-json\/wp\/v2\/posts\/8685"}],"collection":[{"href":"http:\/\/www.kunstgalerie-barbara.de\/blog\/wp-json\/wp\/v2\/posts"}],"about":[{"href":"http:\/\/www.kunstgalerie-barbara.de\/blog\/wp-json\/wp\/v2\/types\/post"}],"author":[{"embeddable":true,"href":"http:\/\/www.kunstgalerie-barbara.de\/blog\/wp-json\/wp\/v2\/users\/1"}],"replies":[{"embeddable":true,"href":"http:\/\/www.kunstgalerie-barbara.de\/blog\/wp-json\/wp\/v2\/comments?post=8685"}],"version-history":[{"count":1,"href":"http:\/\/www.kunstgalerie-barbara.de\/blog\/wp-json\/wp\/v2\/posts\/8685\/revisions"}],"predecessor-version":[{"id":8692,"href":"http:\/\/www.kunstgalerie-barbara.de\/blog\/wp-json\/wp\/v2\/posts\/8685\/revisions\/8692"}],"wp:attachment":[{"href":"http:\/\/www.kunstgalerie-barbara.de\/blog\/wp-json\/wp\/v2\/media?parent=8685"}],"wp:term":[{"taxonomy":"category","embeddable":true,"href":"http:\/\/www.kunstgalerie-barbara.de\/blog\/wp-json\/wp\/v2\/categories?post=8685"},{"taxonomy":"post_tag","embeddable":true,"href":"http:\/\/www.kunstgalerie-barbara.de\/blog\/wp-json\/wp\/v2\/tags?post=8685"}],"curies":[{"name":"wp","href":"https:\/\/api.w.org\/{rel}","templated":true}]}}