{"id":9343,"date":"2011-12-24T06:29:32","date_gmt":"2011-12-24T05:29:32","guid":{"rendered":"http:\/\/www.kunstgalerie-barbara.de\/blog\/?p=9343"},"modified":"2011-12-24T06:35:28","modified_gmt":"2011-12-24T05:35:28","slug":"klopperei-am-heiligabend","status":"publish","type":"post","link":"http:\/\/www.kunstgalerie-barbara.de\/blog\/2011\/12\/klopperei-am-heiligabend\/","title":{"rendered":"Nichtheilige Klopperei am Heiligabend&#8230;"},"content":{"rendered":"<p style=\"text-align: center;\"><a href=\"http:\/\/www.kunstgalerie-barbara.de\/blog\/wp-content\/uploads\/2011\/12\/P1060077.jpg\"><img loading=\"lazy\" decoding=\"async\" class=\"aligncenter size-full wp-image-9345\" title=\"P1060077\" src=\"http:\/\/www.kunstgalerie-barbara.de\/blog\/wp-content\/uploads\/2011\/12\/P1060077.jpg\" alt=\"\" width=\"435\" height=\"653\" \/><\/a>&#8230;Es war noch nicht lange her, da hatten sie erwartungsvoll ihre Geschenke ausgepackt, meine beiden Spr\u00f6\u00dflinge, elf und\u00a0 sieben. Hatten sich vertraut gemacht mit dem, was ihnen beschert wurde, was nicht unbedingt mit dem Gew\u00fcnschten \u00fcbereinstimmte. Allerdings halten sich bekannterweise Weihnachtswichtel\u00a0 nicht immer an das, was man ihnen auftr\u00e4gt, sie f\u00fchren halt ihr Eigenleben.<!--more--><br \/>\nMag es Entt\u00e4uschung gewesen sein, \u00fcber das Nichtbekommene oder auch Eifersucht auf die Geschenke des anderen, pl\u00f6tzlich glimmte Zwist auf. Was erst nur ein kleiner Funke gewesen war, brach zum offenen Streit aus, als ich dem Geschehen f\u00fcr einen Augenblick den R\u00fccken kehrte und mich auf den Weg\u00a0 in die K\u00fcche gemacht hatte. Ich h\u00f6rte Gepolter, Gekreisch, w\u00fcste Beschimpfungen. Obwohl ich beschlossen hatte, mich besser nicht einzumischen, rannte ich doch ungew\u00f6hnlich fix wieder die Treppe hoch und erwischte die beiden, wie sie in wildem Get\u00fcmmel in einem Kn\u00e4ul verflochten durchs Wohnzimmer rollten. Mit einem indianer\u00e4hnlichen Aufschrei, w\u00e4hrend sie versuchten sich mit blo\u00dfen H\u00e4nden zu skalpieren, knallten sie gegen den Heizk\u00f6rper. Ehe sie den gesammten Raum demolieren konnten, griff ich Streithahn und Henne indem ich sie bei\u00a0 den noch nicht skalpierten K\u00f6rperteilen packte und auseinanderzog. Jetzt schrien und heulten sie nicht mehr aus Wut aufeinander, sondern aus Wut auf mich.<br \/>\nIch scheuchte beide nach unten in die K\u00fcche, wo ihr Erzeuger, der sich wohlweislich nicht eingemischt hatte, mit dem Abendbrot wartete!<\/p>\n<p style=\"text-align: center;\">&nbsp;<\/p>\n","protected":false},"excerpt":{"rendered":"<p>&#8230;Es war noch nicht lange her, da hatten sie erwartungsvoll ihre Geschenke ausgepackt, meine beiden Spr\u00f6\u00dflinge, elf und\u00a0 sieben. Hatten sich vertraut gemacht mit dem, was ihnen beschert wurde, was nicht unbedingt mit dem Gew\u00fcnschten \u00fcbereinstimmte. Allerdings halten sich bekannterweise Weihnachtswichtel\u00a0 nicht immer an das, was man ihnen auftr\u00e4gt, sie f\u00fchren halt ihr Eigenleben.<\/p>\n","protected":false},"author":1,"featured_media":0,"comment_status":"open","ping_status":"open","sticky":false,"template":"","format":"standard","meta":{"footnotes":""},"categories":[19],"tags":[],"jetpack_featured_media_url":"","_links":{"self":[{"href":"http:\/\/www.kunstgalerie-barbara.de\/blog\/wp-json\/wp\/v2\/posts\/9343"}],"collection":[{"href":"http:\/\/www.kunstgalerie-barbara.de\/blog\/wp-json\/wp\/v2\/posts"}],"about":[{"href":"http:\/\/www.kunstgalerie-barbara.de\/blog\/wp-json\/wp\/v2\/types\/post"}],"author":[{"embeddable":true,"href":"http:\/\/www.kunstgalerie-barbara.de\/blog\/wp-json\/wp\/v2\/users\/1"}],"replies":[{"embeddable":true,"href":"http:\/\/www.kunstgalerie-barbara.de\/blog\/wp-json\/wp\/v2\/comments?post=9343"}],"version-history":[{"count":1,"href":"http:\/\/www.kunstgalerie-barbara.de\/blog\/wp-json\/wp\/v2\/posts\/9343\/revisions"}],"predecessor-version":[{"id":9349,"href":"http:\/\/www.kunstgalerie-barbara.de\/blog\/wp-json\/wp\/v2\/posts\/9343\/revisions\/9349"}],"wp:attachment":[{"href":"http:\/\/www.kunstgalerie-barbara.de\/blog\/wp-json\/wp\/v2\/media?parent=9343"}],"wp:term":[{"taxonomy":"category","embeddable":true,"href":"http:\/\/www.kunstgalerie-barbara.de\/blog\/wp-json\/wp\/v2\/categories?post=9343"},{"taxonomy":"post_tag","embeddable":true,"href":"http:\/\/www.kunstgalerie-barbara.de\/blog\/wp-json\/wp\/v2\/tags?post=9343"}],"curies":[{"name":"wp","href":"https:\/\/api.w.org\/{rel}","templated":true}]}}